{"id":193327,"date":"2023-04-01T15:49:16","date_gmt":"2023-04-01T18:49:16","guid":{"rendered":"https:\/\/prensa.municipalidadsalta.gob.ar\/?p=193327"},"modified":"2023-04-01T15:49:16","modified_gmt":"2023-04-01T18:49:16","slug":"bettina-romero-estamos-donde-tenemos-que-estar-en-los-barrios-al-servicio-de-los-vecinos","status":"publish","type":"post","link":"https:\/\/saltavecinal.com\/index.php\/2023\/04\/01\/bettina-romero-estamos-donde-tenemos-que-estar-en-los-barrios-al-servicio-de-los-vecinos\/","title":{"rendered":"Bettina Romero: \u201cEstamos donde tenemos que estar, en los barrios al servicio de los vecinos\u201d"},"content":{"rendered":"<p><span style=\"font-weight: 400\">Esta ma\u00f1ana, con la presencia de la intendenta, Bettina Romero, se llev\u00f3 adelante una nueva jornada del programa de descentralizaci\u00f3n municipal \u201cEstamos en tu barrio\u201d, en el CIC de Constituci\u00f3n, poniendo a disposici\u00f3n de los vecinos de distintos barrios de la zona este todos los servicios de la comuna.\u00a0<\/span><\/p>\n<p><span style=\"font-weight: 400\">Adem\u00e1s, la actividad estuvo acompa\u00f1ada por shows art\u00edsticos y la presencia de bailarines de la academia \u201cRa\u00edces de mi tierra\u201d de Villa Floresta que le pusieron color al s\u00e1bado.<\/span><\/p>\n<p><span style=\"font-weight: 400\">\u00abContinuamos con este plan de trabajo de descentralizar los servicios que es algo que venimos haciendo desde el primer momento de mi gesti\u00f3n. Acercamos todas las \u00e1reas del gobierno a los espacios municipales ubicados en los barrios. Esto es en lo que creemos: estar cerca de la gente con servicios, asesoramientos y generando un punto de encuentro con la comunidad\u201d, dijo Bettina Romero.\u00a0<\/span><\/p>\n<p><span style=\"font-weight: 400\">Luego, la Intendenta, expres\u00f3: \u201cNo s\u00f3lo acercamos servicios sino que mejoramos integralmente los barrios con obras, poniendo en valor plazas y playones deportivos. Es la forma en la que trabajamos, haciendo que las cosas funcionen mejor y que nuestros vecinos encuentren una respuestas\u00bb.\u00a0<\/span><\/p>\n<p><span style=\"font-weight: 400\">Laura Hoyos, vecina del barrio Constituci\u00f3n, afirm\u00f3: \u201cEstoy muy agradecida por las facilidades que nos acercaron trayendo servicios que necesitamos a nuestro barrio. Hoy pude consultar por muchos tr\u00e1mites que ten\u00eda pendientes y por cuestiones de cercan\u00eda no llegaba a concretar\u201d.\u00a0<\/span><\/p>\n<p><span style=\"font-weight: 400\">En la ocasi\u00f3n, tambi\u00e9n, vecinos del barrio Aut\u00f3dromo se acercaron al espacio municipal para agradecerle a la intendente, Bettina Romero por las obras que realiz\u00f3 para mejorar la calidad de vida. En el lugar, el municipio trabaj\u00f3 en la bajada de luz para que cuenten con este servicio b\u00e1sico. Esta acci\u00f3n beneficia a ocho familias del lugar.<\/span><\/p>\n<p><span style=\"font-weight: 400\">Al respecto, la Intendenta dijo: \u201cEstamos muy contentos de que su barrio progrese. Impulsamos acciones pensando en que cada vecino viva mejor. Esta es la Hora de los Barrios y diariamente lo demostramos\u201d.<\/span><\/p>\n<p><span style=\"font-weight: 400\">El programa \u201cEstamos en tu Barrio\u201d es una iniciativa que facilita a los vecinos el acceso a una atenci\u00f3n de calidad y les permite agilizar tr\u00e1mites. Los servicios se acercan de acuerdo a la demanda de cada zona. Este programa se desarrolla dos veces por semana en todos los espacios y dispositivos de la Municipalidad.<\/span><\/p>\n<p><span style=\"font-weight: 400\">En esta ocasi\u00f3n estuvieron presentes las siguientes \u00e1reas municipales: Subsecretar\u00eda de Desarrollo Humano, Defensa del Consumidor, Atenci\u00f3n M\u00e9dica, Consultor\u00eda jur\u00eddico-contable, Polic\u00eda, Oficina de Empleo, Asesoramiento en Discapacidad, Habilitaciones Comerciales, Patrulla Ambiental, Bienestar Animal con castraciones y vacunaci\u00f3n. Tambi\u00e9n, profesionales con servicios que impulsa el diputado provincial, Omar Exeni, como oftalmolog\u00eda, psicolog\u00eda y fonoaudiolog\u00eda.\u00a0\u00a0\u00a0<\/span><\/p>\n<p><span style=\"font-weight: 400\">El pr\u00f3ximo mi\u00e9rcoles, la acci\u00f3n se desarrollar\u00e1 en la plaza del barrio Miguel Ortiz de 8.30 a 13 hs.<\/span><\/p>\n<p><span style=\"font-weight: 400\">Estar\u00e1n presentes con sus servicios las siguientes \u00e1reas municipales: Secretar\u00eda de Desarrollo Humano, Subsecretar\u00eda de la Mujer, programa de Protecci\u00f3n a V\u00edctimas de Violencia Familiar y de G\u00e9nero, boleto solidario, programa M\u00e1s Comunidad, tarjeta Tais (tarjeta abordaje integral salte\u00f1o), programa Cel\u00edacos, programa Unidos, programa Adultos Mayores (consultas gerontol\u00f3gicas), Huertas Agroecol\u00f3gicas y subprograma de discapacidad.<\/span><\/p>\n<p><span style=\"font-weight: 400\">Esta descentralizaci\u00f3n del municipio se desarrolla en los Centros Integradores Comunitarios (CICs) de Limache, Solidaridad, Santa Cecilia, Constituci\u00f3n y Asunci\u00f3n. Tambi\u00e9n, en los espacios NIDO (N\u00facleo de Inclusi\u00f3n y Desarrollo de Oportunidades) de Gauchito Gil y Bicentenario, y en el DTC de San Benito y Delegaci\u00f3n de San Luis.<\/span><\/p>\n<p><span style=\"font-weight: 400\">Estuvieron presentes en la jornada: el diputado provincial, Omar Exeni, la secretaria de Juventud y Deportes, Josefina Ch\u00e1vez D\u00edaz y funcionarios del ejecutivo municipal.<\/span><\/p>\n<p><iframe loading=\"lazy\" title=\"Bettina Romero: \u201cEstamos donde tenemos que estar, en los barrios al servicio de los vecinos\u201d\" width=\"696\" height=\"392\" src=\"https:\/\/www.youtube.com\/embed\/Jj6mOhml2qg?feature=oembed\" frameborder=\"0\" allow=\"accelerometer; autoplay; clipboard-write; encrypted-media; gyroscope; picture-in-picture; web-share\" allowfullscreen><\/iframe><\/p>\n<p><img loading=\"lazy\" decoding=\"async\" class=\"alignnone size-full wp-image-193329\" src=\"https:\/\/prensa.municipalidadsalta.gob.ar\/wp-content\/uploads\/2023\/04\/estamos-en-tu-barrioequipo-municipal-en-cic-constitucion.jpeg\" alt=\"\" width=\"1024\" height=\"678\" \/><\/p>\n","protected":false},"excerpt":{"rendered":"<p>La Municipalidad realiz\u00f3 una nueva jornada del programa \u201cEstamos en tu Barrio\u201d en el CIC del barrio Constituci\u00f3n, para acercar los servicios de las diferentes \u00e1reas de gobierno a los vecinos de la zona este. Se agilizaron tr\u00e1mites y se brind\u00f3 asesoramiento dando respuestas a las demandas de la comunidad. <\/p>\n","protected":false},"author":1,"featured_media":193328,"comment_status":"closed","ping_status":"closed","sticky":false,"template":"","format":"standard","meta":{"footnotes":""},"categories":[245],"tags":[86,87,88],"class_list":{"0":"post-193327","1":"post","2":"type-post","3":"status-publish","4":"format-standard","5":"has-post-thumbnail","7":"category-salta","8":"tag-cic-constitucion","9":"tag-desentralizacion","10":"tag-estamos-en-tu-barrio"},"_links":{"self":[{"href":"https:\/\/saltavecinal.com\/index.php\/wp-json\/wp\/v2\/posts\/193327"}],"collection":[{"href":"https:\/\/saltavecinal.com\/index.php\/wp-json\/wp\/v2\/posts"}],"about":[{"href":"https:\/\/saltavecinal.com\/index.php\/wp-json\/wp\/v2\/types\/post"}],"author":[{"embeddable":true,"href":"https:\/\/saltavecinal.com\/index.php\/wp-json\/wp\/v2\/users\/1"}],"replies":[{"embeddable":true,"href":"https:\/\/saltavecinal.com\/index.php\/wp-json\/wp\/v2\/comments?post=193327"}],"version-history":[{"count":0,"href":"https:\/\/saltavecinal.com\/index.php\/wp-json\/wp\/v2\/posts\/193327\/revisions"}],"wp:featuredmedia":[{"embeddable":true,"href":"https:\/\/saltavecinal.com\/index.php\/wp-json\/"}],"wp:attachment":[{"href":"https:\/\/saltavecinal.com\/index.php\/wp-json\/wp\/v2\/media?parent=193327"}],"wp:term":[{"taxonomy":"category","embeddable":true,"href":"https:\/\/saltavecinal.com\/index.php\/wp-json\/wp\/v2\/categories?post=193327"},{"taxonomy":"post_tag","embeddable":true,"href":"https:\/\/saltavecinal.com\/index.php\/wp-json\/wp\/v2\/tags?post=193327"}],"curies":[{"name":"wp","href":"https:\/\/api.w.org\/{rel}","templated":true}]}}