{"id":193364,"date":"2023-04-03T10:46:07","date_gmt":"2023-04-03T13:46:07","guid":{"rendered":"https:\/\/prensa.municipalidadsalta.gob.ar\/?p=193364"},"modified":"2023-04-03T10:46:07","modified_gmt":"2023-04-03T13:46:07","slug":"el-fin-de-semana-la-municipalidad-acondiciono-plazas-en-diversos-barrios","status":"publish","type":"post","link":"https:\/\/saltavecinal.com\/index.php\/2023\/04\/03\/el-fin-de-semana-la-municipalidad-acondiciono-plazas-en-diversos-barrios\/","title":{"rendered":"El fin de semana la Municipalidad acondicion\u00f3 plazas en diversos barrios"},"content":{"rendered":"<p>Con el fin de promover el esparcimiento y la recreaci\u00f3n de los vecinos de la ciudad, la Municipalidad contin\u00faa con diversas tareas de acondicionamiento y mantenimiento del mobiliario ubicados en distintas plazas de la ciudad.<\/p>\n<p>De esta manera y, durante el fin de semana, personal municipal de la cuadrilla de emergencias de la Planta Hormigonera realiz\u00f3 las siguientes tareas:<\/p>\n<p>+ Secci\u00f3n Instalaciones Sanitarias<\/p>\n<p>En barrio La Paz se arregl\u00f3 de un grifo con p\u00e9rdida de agua, situaci\u00f3n advertida por los vecinos<\/p>\n<p>+ Secci\u00f3n Alba\u00f1iler\u00eda<\/p>\n<p>Se trabaj\u00f3 en la plaza de Villa Lavalle donde se reacondicion\u00f3 el suelo da\u00f1ado para pr\u00f3ximamente cubrirlo con hormig\u00f3n<\/p>\n<p>+ Secci\u00f3n Alba\u00f1iler\u00eda<\/p>\n<p>Contin\u00faa la reparaci\u00f3n del piso de la peatonal Paseo los Poetas<\/p>\n<p>+ Secci\u00f3n Carpinter\u00eda<\/p>\n<p>Se trabaj\u00f3 en taller reacondicionando y preparando maderas nuevas y pint\u00e1ndolas. Pr\u00f3ximamente se colocar\u00e1n en los bancos de distintas plazas<\/p>\n<p>+ Secci\u00f3n Pinturer\u00eda<\/p>\n<p>En la plaza Submarino ARA Gral. Belgrano de barrio Ciudad del Milagro se acondicionaron bancos de madera, juegos infantiles, m\u00e1stiles y bases<\/p>\n<p>+ Secci\u00f3n Herrer\u00eda<\/p>\n<p>Se fabric\u00f3 una baranda de hierro para la pasarela nueva ubicada en Av. Juan XXIII y Luis G\u00fcemes<\/p>\n<p>+ Secci\u00f3n Herrer\u00eda<\/p>\n<p>Se acondicionaron juegos infantiles en la plaza Memoria de los Ca\u00eddos en Cumplimiento del Deber ubicada calle Jos\u00e9 C\u00e1volo entre pasaje S\/N y Pablo Outes Saravia<\/p>\n<p>+ Secci\u00f3n Carpinter\u00eda<\/p>\n<p>Se reacondicionaron bancos de cemento con asiento de madera en la plaza Memoria de los Ca\u00eddos en Cumplimiento del Deber de barrio Parque Gral. Belgrano<\/p>\n<p>+ Secci\u00f3n Alba\u00f1iler\u00eda<\/p>\n<p>Se fijaron bancos nuevos con hormig\u00f3n en las bases en la plaza Memoria de los Ca\u00eddos en Cumplimiento del Deber de barrio Parque Gral. Belgrano<\/p>\n<p>+ Secci\u00f3n Herrer\u00eda<\/p>\n<p>Sobre el puente colgante en barrio 20 de Junio (con salida al barrio\u00a0 San Francisco Solano sobre el Rio Arias) se coloc\u00f3 una nueva planchuela met\u00e1lica provisoria hasta reponer la nueva estructura met\u00e1lica con piso de madera la cual es constantemente vandalizada.<\/p>\n<p>&nbsp;<\/p>\n<p>Es importante destacar que, estas acciones se realizan con recursos propios y personal municipal de los talleres de obras menores de la Planta Hormigonera.<\/p>\n<p>&nbsp;<\/p>\n<p><img loading=\"lazy\" decoding=\"async\" class=\"alignnone size-full wp-image-193366\" src=\"https:\/\/prensa.municipalidadsalta.gob.ar\/wp-content\/uploads\/2023\/04\/refacciones-obras-menores-5.jpeg\" alt=\"\" width=\"1180\" height=\"1032\" \/><\/p>\n<p><img loading=\"lazy\" decoding=\"async\" class=\"alignnone size-full wp-image-193367\" src=\"https:\/\/prensa.municipalidadsalta.gob.ar\/wp-content\/uploads\/2023\/04\/refacciones-obras-menores-3.jpeg\" alt=\"\" width=\"2452\" height=\"1600\" \/><\/p>\n<p><img loading=\"lazy\" decoding=\"async\" class=\"alignnone size-full wp-image-193368\" src=\"https:\/\/prensa.municipalidadsalta.gob.ar\/wp-content\/uploads\/2023\/04\/refacciones-obras-menores-1.jpeg\" alt=\"\" width=\"1600\" height=\"902\" \/><\/p>\n<p><img loading=\"lazy\" decoding=\"async\" class=\"alignnone size-full wp-image-193370\" src=\"https:\/\/prensa.municipalidadsalta.gob.ar\/wp-content\/uploads\/2023\/04\/refacciones-obras-menores-4.jpeg\" alt=\"\" width=\"1590\" height=\"1040\" \/><\/p>\n<p><img loading=\"lazy\" decoding=\"async\" class=\"alignnone size-full wp-image-193371\" src=\"https:\/\/prensa.municipalidadsalta.gob.ar\/wp-content\/uploads\/2023\/04\/refacciones-obras-menores-6.jpeg\" alt=\"\" width=\"1156\" height=\"652\" \/><\/p>\n","protected":false},"excerpt":{"rendered":"<p>Las tareas consistieron en arreglos de bancos, baldosas de las caminer\u00edas, juegos infantiles y m\u00e1stiles. Adem\u00e1s, se repararon pasarelas peatonales vandalizadas sobre los canales Juan XXIII y r\u00edo Arias.<\/p>\n","protected":false},"author":1,"featured_media":193365,"comment_status":"closed","ping_status":"closed","sticky":false,"template":"","format":"standard","meta":{"footnotes":""},"categories":[245],"tags":[93,38,39,94,41],"class_list":{"0":"post-193364","1":"post","2":"type-post","3":"status-publish","4":"format-standard","5":"has-post-thumbnail","7":"category-salta","8":"tag-carpinteria","9":"tag-herreria","10":"tag-juegos","11":"tag-mantenimiento-de-plazas","12":"tag-tareas-de-pintura"},"_links":{"self":[{"href":"https:\/\/saltavecinal.com\/index.php\/wp-json\/wp\/v2\/posts\/193364"}],"collection":[{"href":"https:\/\/saltavecinal.com\/index.php\/wp-json\/wp\/v2\/posts"}],"about":[{"href":"https:\/\/saltavecinal.com\/index.php\/wp-json\/wp\/v2\/types\/post"}],"author":[{"embeddable":true,"href":"https:\/\/saltavecinal.com\/index.php\/wp-json\/wp\/v2\/users\/1"}],"replies":[{"embeddable":true,"href":"https:\/\/saltavecinal.com\/index.php\/wp-json\/wp\/v2\/comments?post=193364"}],"version-history":[{"count":0,"href":"https:\/\/saltavecinal.com\/index.php\/wp-json\/wp\/v2\/posts\/193364\/revisions"}],"wp:featuredmedia":[{"embeddable":true,"href":"https:\/\/saltavecinal.com\/index.php\/wp-json\/"}],"wp:attachment":[{"href":"https:\/\/saltavecinal.com\/index.php\/wp-json\/wp\/v2\/media?parent=193364"}],"wp:term":[{"taxonomy":"category","embeddable":true,"href":"https:\/\/saltavecinal.com\/index.php\/wp-json\/wp\/v2\/categories?post=193364"},{"taxonomy":"post_tag","embeddable":true,"href":"https:\/\/saltavecinal.com\/index.php\/wp-json\/wp\/v2\/tags?post=193364"}],"curies":[{"name":"wp","href":"https:\/\/api.w.org\/{rel}","templated":true}]}}