{"id":193424,"date":"2023-04-04T10:54:36","date_gmt":"2023-04-04T13:54:36","guid":{"rendered":"https:\/\/prensa.municipalidadsalta.gob.ar\/?p=193424"},"modified":"2023-05-03T18:02:30","modified_gmt":"2023-05-03T18:02:30","slug":"manana-los-municipales-perciben-el-sueldo-de-marzo-con-un-6-de-aumento","status":"publish","type":"post","link":"https:\/\/saltavecinal.com\/index.php\/2023\/04\/04\/manana-los-municipales-perciben-el-sueldo-de-marzo-con-un-6-de-aumento\/","title":{"rendered":"Ma\u00f1ana los municipales perciben el sueldo de marzo con un 6% de aumento"},"content":{"rendered":"<p>La Secretar\u00eda de Econom\u00eda, Hacienda y Recursos Humanos informa que ma\u00f1ana mi\u00e9rcoles 5 de abril, estar\u00e1 disponible en cajero el sueldo de marzo. El mismo se percibir\u00e1 con un aumento del 6%, por lo que se llegar\u00e1 a un incremento acumulado del 26% en lo que va del a\u00f1o.<\/p>\n<p>Este nuevo aumento, forma parte de los acuerdos a los que se arribaron en la \u00faltima mesa de negociaci\u00f3n salarial con los referentes gremiales. Anteriormente los sueldos se liquidaron con un 6.5% de aumento enero y un 13.5% en febrero.<\/p>\n<p>&nbsp;<\/p>\n<p><img loading=\"lazy\" decoding=\"async\" class=\"alignnone size-full wp-image-190697\" src=\"https:\/\/prensa.municipalidadsalta.gob.ar\/wp-content\/uploads\/2023\/02\/cajero-automatico-ccm-2-scaled.jpg\" alt=\"\" width=\"2560\" height=\"1440\" \/><\/p>\n","protected":false},"excerpt":{"rendered":"<p>Este nuevo incremento fue acordado en la \u00faltima mesa de negociaci\u00f3n salarial. Con este valor se llega a un aumento acumulado del 26%.\u00a0\u00a0<\/p>\n","protected":false},"author":1,"featured_media":181860,"comment_status":"closed","ping_status":"closed","sticky":false,"template":"","format":"standard","meta":{"footnotes":""},"categories":[245],"tags":[117,118,120],"class_list":{"0":"post-193424","1":"post","2":"type-post","3":"status-publish","4":"format-standard","5":"has-post-thumbnail","7":"category-salta","8":"tag-empleados-municipales","9":"tag-pago-de-haberes","10":"tag-sueldo"},"_links":{"self":[{"href":"https:\/\/saltavecinal.com\/index.php\/wp-json\/wp\/v2\/posts\/193424"}],"collection":[{"href":"https:\/\/saltavecinal.com\/index.php\/wp-json\/wp\/v2\/posts"}],"about":[{"href":"https:\/\/saltavecinal.com\/index.php\/wp-json\/wp\/v2\/types\/post"}],"author":[{"embeddable":true,"href":"https:\/\/saltavecinal.com\/index.php\/wp-json\/wp\/v2\/users\/1"}],"replies":[{"embeddable":true,"href":"https:\/\/saltavecinal.com\/index.php\/wp-json\/wp\/v2\/comments?post=193424"}],"version-history":[{"count":1,"href":"https:\/\/saltavecinal.com\/index.php\/wp-json\/wp\/v2\/posts\/193424\/revisions"}],"predecessor-version":[{"id":233791,"href":"https:\/\/saltavecinal.com\/index.php\/wp-json\/wp\/v2\/posts\/193424\/revisions\/233791"}],"wp:featuredmedia":[{"embeddable":true,"href":"https:\/\/saltavecinal.com\/index.php\/wp-json\/"}],"wp:attachment":[{"href":"https:\/\/saltavecinal.com\/index.php\/wp-json\/wp\/v2\/media?parent=193424"}],"wp:term":[{"taxonomy":"category","embeddable":true,"href":"https:\/\/saltavecinal.com\/index.php\/wp-json\/wp\/v2\/categories?post=193424"},{"taxonomy":"post_tag","embeddable":true,"href":"https:\/\/saltavecinal.com\/index.php\/wp-json\/wp\/v2\/tags?post=193424"}],"curies":[{"name":"wp","href":"https:\/\/api.w.org\/{rel}","templated":true}]}}