{"id":193427,"date":"2023-04-04T11:21:48","date_gmt":"2023-04-04T14:21:48","guid":{"rendered":"https:\/\/prensa.municipalidadsalta.gob.ar\/?p=193427"},"modified":"2023-05-03T18:02:29","modified_gmt":"2023-05-03T18:02:29","slug":"la-escuela-de-educacion-tecnica-de-ciudad-del-milagro-celebro-sus-47-anos","status":"publish","type":"post","link":"https:\/\/saltavecinal.com\/index.php\/2023\/04\/04\/la-escuela-de-educacion-tecnica-de-ciudad-del-milagro-celebro-sus-47-anos\/","title":{"rendered":"La escuela de Educaci\u00f3n T\u00e9cnica de Ciudad del Milagro celebr\u00f3 sus 47 a\u00f1os"},"content":{"rendered":"<p>La intendenta, Bettina Romero, acompa\u00f1\u00f3 a docentes, directivos y alumnos en el acto por el 47\u00b0 aniversario de la escuela de Educaci\u00f3n T\u00e9cnica N\u00b0 3141, ubicada en el barrio Ciudad del Milagro, en la zona norte de la capital.<\/p>\n<p>\u201cQuer\u00edamos estar presentes en los 47 a\u00f1os de esta hermosa escuela t\u00e9cnica. Creo en cada profesor, alumno y familia. A pesar de todo lo que sucede en nuestro pa\u00eds siguen avanzando en su educaci\u00f3n. Esta es la forma de salir adelante y contar con m\u00e1s oportunidades\u201d, dijo Bettina Romero.<\/p>\n<p>Y agreg\u00f3: \u201cdesde el municipio trabajamos con la Universidad Nacional de Salta acercando educaci\u00f3n de nivel superior a los barrios. Sepan que cuentan con una Intendenta que cree que la educaci\u00f3n es el camino al progreso. Por eso, ampliamos nuestras becas, llevamos herramientas y capacitaciones a toda la ciudad\u201d.<\/p>\n<p>En acto inici\u00f3 con el ingreso de las banderas de ceremonia y la entonaci\u00f3n de la Aurora y luego el Himno Nacional Argentino. Posteriormente, se entonaron las estrofas de la Marcha de Malvinas.<\/p>\n<p>Por su parte, el director de la escuela, Jorge Pacheco, expres\u00f3: \u201cEste es un d\u00eda muy especial para nosotros. Esta escuela fue creada con el fin de llenar las necesidades educativas de la comunidad de la zona norte. Estamos orgullosos de los avances y seguiremos trabajando para crecer\u201d.<\/p>\n<p>La celebraci\u00f3n continu\u00f3 con un poema dedicado a la escuela a cargo de una estudiante y una presentaci\u00f3n de danzas folcl\u00f3ricas. Luego, al finalizar, autoridades, padres y alumnos cantaron el feliz cumplea\u00f1os a la instituci\u00f3n.<\/p>\n<p>Estuvieron presentes: el diputado Provincial, Omar Exeni; el presidente de la Comisi\u00f3n de padres del establecimiento, Carlos Zelaya; directivos de la escuela, invitados especiales y alumnos.<\/p>\n<p><strong>Un poco sobre la historia de la escuela <\/strong><\/p>\n<p>La escuela de educaci\u00f3n t\u00e9cnica N\u00b0 3141 presta servicio educativo hace 47 a\u00f1os a la comunidad de la zona norte de la ciudad. En el transcurso del tiempo fue creciendo en cantidad de alumnos, recursos humanos, recursos materiales y edilicios. En la actualidad cuenta con una poblaci\u00f3n estudiantil de m\u00e1s de 700 alumnos que asisten en doble jornada.<\/p>\n<p>Es tradici\u00f3n del establecimiento llevar acciones solidarias como jornadas de convivencia y visitas a hogares de ancianos. Adem\u00e1s, forma parte de la Red Comunitaria de la zona norte, beneficiando a los estudiantes con charlas sobre distintas tem\u00e1ticas de inter\u00e9s para adolescentes y j\u00f3venes.<\/p>\n<p>Estuvieron presentes: el diputado Provincial, Omar Exeni, el Presidente de la Comisi\u00f3n de padres del establecimiento, Carlos Zelaya, autoridades directivas de la Escuela T\u00e9cnica, invitados especiales y alumnos.<\/p>\n<p>&nbsp;<\/p>\n<p><img loading=\"lazy\" decoding=\"async\" class=\"alignnone size-full wp-image-193429\" src=\"https:\/\/prensa.municipalidadsalta.gob.ar\/wp-content\/uploads\/2023\/04\/escuela-tecnica-acto-2.jpeg\" alt=\"\" width=\"1600\" height=\"1068\" \/><\/p>\n","protected":false},"excerpt":{"rendered":"<p>La intendenta, Bettina Romero, acompa\u00f1\u00f3 a alumnos, docentes y padres en el acto central de conmemoraci\u00f3n de la creaci\u00f3n de la instituci\u00f3n educativa ubicada en la zona norte de la ciudad. En la actualidad, al establecimiento concurren m\u00e1s de 700 alumnos.<\/p>\n","protected":false},"author":1,"featured_media":193428,"comment_status":"closed","ping_status":"closed","sticky":false,"template":"","format":"standard","meta":{"footnotes":""},"categories":[245],"tags":[121,122],"class_list":{"0":"post-193427","1":"post","2":"type-post","3":"status-publish","4":"format-standard","5":"has-post-thumbnail","7":"category-salta","8":"tag-aniversario","9":"tag-escuela"},"_links":{"self":[{"href":"https:\/\/saltavecinal.com\/index.php\/wp-json\/wp\/v2\/posts\/193427"}],"collection":[{"href":"https:\/\/saltavecinal.com\/index.php\/wp-json\/wp\/v2\/posts"}],"about":[{"href":"https:\/\/saltavecinal.com\/index.php\/wp-json\/wp\/v2\/types\/post"}],"author":[{"embeddable":true,"href":"https:\/\/saltavecinal.com\/index.php\/wp-json\/wp\/v2\/users\/1"}],"replies":[{"embeddable":true,"href":"https:\/\/saltavecinal.com\/index.php\/wp-json\/wp\/v2\/comments?post=193427"}],"version-history":[{"count":1,"href":"https:\/\/saltavecinal.com\/index.php\/wp-json\/wp\/v2\/posts\/193427\/revisions"}],"predecessor-version":[{"id":233790,"href":"https:\/\/saltavecinal.com\/index.php\/wp-json\/wp\/v2\/posts\/193427\/revisions\/233790"}],"wp:featuredmedia":[{"embeddable":true,"href":"https:\/\/saltavecinal.com\/index.php\/wp-json\/"}],"wp:attachment":[{"href":"https:\/\/saltavecinal.com\/index.php\/wp-json\/wp\/v2\/media?parent=193427"}],"wp:term":[{"taxonomy":"category","embeddable":true,"href":"https:\/\/saltavecinal.com\/index.php\/wp-json\/wp\/v2\/categories?post=193427"},{"taxonomy":"post_tag","embeddable":true,"href":"https:\/\/saltavecinal.com\/index.php\/wp-json\/wp\/v2\/tags?post=193427"}],"curies":[{"name":"wp","href":"https:\/\/api.w.org\/{rel}","templated":true}]}}