{"id":193436,"date":"2023-04-04T13:37:14","date_gmt":"2023-04-04T16:37:14","guid":{"rendered":"https:\/\/prensa.municipalidadsalta.gob.ar\/?p=193436"},"modified":"2023-05-03T18:02:26","modified_gmt":"2023-05-03T18:02:26","slug":"dispositivos-especiales-de-transito-por-la-celebracion-del-viernes-santo","status":"publish","type":"post","link":"https:\/\/saltavecinal.com\/index.php\/2023\/04\/04\/dispositivos-especiales-de-transito-por-la-celebracion-del-viernes-santo\/","title":{"rendered":"Dispositivos especiales de tr\u00e1nsito por la celebraci\u00f3n del Viernes Santo"},"content":{"rendered":"<p>La Municipalidad dispuso una serie de acciones con el objetivo de permitir el normal desarrollo de las celebraciones religiosas en el marco de la Semana Santa, que congregar\u00e1n a una importante cantidad de fieles en distintos sectores de la capital.<\/p>\n<p>Se articularon acciones junto al Arzobispado de Salta, representantes de parroquias, iglesias y capillas a los fines de contribuir al ordenamiento vehicular especialmente en la jornada del Viernes Santo ya que se organizaron m\u00faltiples V\u00eda Crucis.<\/p>\n<p>En ese sentido, se trabajar\u00e1 de acuerdo al siguiente organigrama:<\/p>\n<p>Jueves 6\/04<\/p>\n<p>-Horas 19: Misa Crismal en Catedral Bas\u00edlica<\/p>\n<p>Corte total en Zuvir\u00eda y Espa\u00f1a<\/p>\n<p>&nbsp;<\/p>\n<p>Viernes 7\/04<\/p>\n<p>-Horas 6: V\u00eda Crucis de la Familia, Concentraci\u00f3n en Paseo G\u00fcemes y Del Milagro<\/p>\n<p>Recorrido: Del Milagro-Pje. Klein-Tob\u00edas- Boedo- Avenida Victorino de la Plaza \u2013 Avenida Asunci\u00f3n (subida al Portezuelo)- acceso Cerro San Bernardo- por la ruta hasta la cima-<\/p>\n<p>&nbsp;<\/p>\n<p>Horas 7: por el V\u00eda Crucis corte total y desv\u00edo en rotonda de los Gauchos hasta finalizar subida de fieles- Luego operativo de reducci\u00f3n de velocidad hasta desconcentraci\u00f3n a las 13.<\/p>\n<p>Corte total: Paseo G\u00fcemes y Av. Del Bicentenario \/\/ Acceso cerro San Bernardo<\/p>\n<p>&nbsp;<\/p>\n<p><strong>Retenciones parciales en el trayecto <\/strong><\/p>\n<p>Horas 20: V\u00eda Crucis en plaza 9 de Julio Imagen del Cristo Peregrino del Milagro<\/p>\n<p>Recorrido: Espa\u00f1a, Mitre, Caseros, De\u00e1n Funes (en contramano), Espa\u00f1a a la Catedral.<\/p>\n<p>Cortes totales y desv\u00edos: Alvarado y Buenos Aires; Avenida. Belgrano y De\u00e1n Funes y en Espa\u00f1a y Pueyrred\u00f3n.<\/p>\n<p>&nbsp;<\/p>\n<p>Horas 15: Capilla Nuestra Se\u00f1ora del Carmen<\/p>\n<p>Recorrido: Miguel Ar\u00e1oz-Juan A. Fern\u00e1ndez-Benito Gra\u00f1a-Lavalle- Uriburu al templo<\/p>\n<p>Corte total: Obispo Romero y Pje. Lugones<\/p>\n<p>&nbsp;<\/p>\n<p>Horas 18: Vicar\u00eda Nuestra Se\u00f1ora de Luj\u00e1n<\/p>\n<p>Recorrido: Francisco L\u00f3pez-Las Bumbunas- San Felipe y Santiago-Lezama-Pje. Francisco Velarde- Puente Las Bumbunas y Av. Irigoyen- Las Bumbunas-Ojeda-Ricardo Levenne-Julio Argentino Roca-Francisco V\u00e9lez- Samuel Quevedo-al tempo-<\/p>\n<p>&nbsp;<\/p>\n<p>Corte total en Francisco L\u00f3pez y Las Bumbunas<\/p>\n<p>&nbsp;<\/p>\n<p>Horas 19: V\u00eda Crucis Iglesia de La Merced<\/p>\n<p>Recorrido: Caseros- Ituzaing\u00f3- Alvarado- Pellegrini- Caseros al templo<\/p>\n<p>Corte total en: Caseros y Pellegrini<\/p>\n<p>&nbsp;<\/p>\n<p>Retenciones parciales en Caseros y 20 de Febrero \u2013 Alvarado e Ituzaing\u00f3 \u2013 Pellegrini y Urquiza \u2013 Caseros y Av Jujuy<\/p>\n<p>&nbsp;<\/p>\n<p>Horas 20: Iglesia de San Alfonso<\/p>\n<p>Recorrido: Leguizam\u00f3n- Alte. Brown-Santiago del Estero-25 de Mayo- Leguizam\u00f3n-hasta el templo<\/p>\n<p>Corte total en Leguizam\u00f3n entre 20 de Febrero y 25 de Mayo<\/p>\n<p>&nbsp;<\/p>\n<p>Horas 20: Parroquia de la Santa Cruz<\/p>\n<p>Recorrido: Santa Fe- Castellanos-Catamarca-Delf\u00edn Leguizam\u00f3n-Santa Fe hasta la parroquia-<\/p>\n<p>Corte total: Santa Fe y Delf\u00edn Leguizam\u00f3n<\/p>\n<p>&nbsp;<\/p>\n<p><strong>Desv\u00edos temporales durante el trayecto\u00a0 <\/strong><\/p>\n<p>S\u00e1bado 8\/04<\/p>\n<p>Horas 20:15 Celebraci\u00f3n religiosa Iglesia de La Merced<\/p>\n<p>Corte total en: Caseros y Pellegrini<\/p>\n<p>&nbsp;<\/p>\n<p>Horas: 21: Rito de la Bendici\u00f3n Del Fuego- Encendido Del Cirio Pascual<\/p>\n<p>Vigilia Pascual Frente a la Catedral<\/p>\n<p>Corte de Calle: Espa\u00f1a y Zuviria<\/p>\n<p>&nbsp;<\/p>\n<p>Domingo 9\/04<\/p>\n<p>Misas a horas 9, 10, 11,12, 18 y 19 H<\/p>\n<p>Horas 20:30: Celebraci\u00f3n Pascual- Misa en Catedral<\/p>\n<p>Corte de Calle: Espa\u00f1a y Zuvir\u00eda<\/p>\n<p>&nbsp;<\/p>\n<p>En todos los casos se contar\u00e1 con equipos conformados por Inspectores de Infanter\u00eda de Tr\u00e1nsito, patrulleros, motoristas, conos y vallas para garantizar fluidez en la circulaci\u00f3n vehicular y ordenamiento del tr\u00e1nsito en los distintos sectores.<\/p>\n<p>Se hace la especial recomendaci\u00f3n de atender las indicaciones del personal desplegado en las zonas afectadas, reducir la velocidad y utilizar v\u00edas alternativas.<\/p>\n<p>&nbsp;<\/p>\n<p><img loading=\"lazy\" decoding=\"async\" class=\"alignnone size-full wp-image-193442\" src=\"https:\/\/prensa.municipalidadsalta.gob.ar\/wp-content\/uploads\/2023\/04\/via-crucis-2022-e.jpg\" alt=\"\" width=\"1280\" height=\"853\" \/><\/p>\n<p><img loading=\"lazy\" decoding=\"async\" class=\"alignnone size-full wp-image-193438\" src=\"https:\/\/prensa.municipalidadsalta.gob.ar\/wp-content\/uploads\/2023\/04\/via-crucis-2022-c.jpg\" alt=\"\" width=\"1280\" height=\"853\" \/><\/p>\n<p><img loading=\"lazy\" decoding=\"async\" class=\"alignnone size-full wp-image-193439\" src=\"https:\/\/prensa.municipalidadsalta.gob.ar\/wp-content\/uploads\/2023\/04\/via-crucis-2022-d.jpg\" alt=\"\" width=\"1280\" height=\"853\" \/><\/p>\n<p><img loading=\"lazy\" decoding=\"async\" class=\"alignnone size-full wp-image-193440\" src=\"https:\/\/prensa.municipalidadsalta.gob.ar\/wp-content\/uploads\/2023\/04\/via-crucis-2022-b.jpg\" alt=\"\" width=\"1280\" height=\"853\" \/><\/p>\n","protected":false},"excerpt":{"rendered":"<p>Se articularon acciones junto al Arzobispado y representantes de parroquias, capillas e iglesias a fin de contribuir al ordenamiento vehicular en diferentes zonas. Se diagramaron cortes, desv\u00edos y retenciones provisorias de tr\u00e1nsito.\u00a0\u00a0<\/p>\n","protected":false},"author":1,"featured_media":193437,"comment_status":"closed","ping_status":"closed","sticky":false,"template":"","format":"standard","meta":{"footnotes":""},"categories":[245],"tags":[128,129,130],"class_list":{"0":"post-193436","1":"post","2":"type-post","3":"status-publish","4":"format-standard","5":"has-post-thumbnail","7":"category-salta","8":"tag-semana-santa","9":"tag-via-crucis","10":"tag-viernes-santo"},"_links":{"self":[{"href":"https:\/\/saltavecinal.com\/index.php\/wp-json\/wp\/v2\/posts\/193436"}],"collection":[{"href":"https:\/\/saltavecinal.com\/index.php\/wp-json\/wp\/v2\/posts"}],"about":[{"href":"https:\/\/saltavecinal.com\/index.php\/wp-json\/wp\/v2\/types\/post"}],"author":[{"embeddable":true,"href":"https:\/\/saltavecinal.com\/index.php\/wp-json\/wp\/v2\/users\/1"}],"replies":[{"embeddable":true,"href":"https:\/\/saltavecinal.com\/index.php\/wp-json\/wp\/v2\/comments?post=193436"}],"version-history":[{"count":1,"href":"https:\/\/saltavecinal.com\/index.php\/wp-json\/wp\/v2\/posts\/193436\/revisions"}],"predecessor-version":[{"id":233787,"href":"https:\/\/saltavecinal.com\/index.php\/wp-json\/wp\/v2\/posts\/193436\/revisions\/233787"}],"wp:featuredmedia":[{"embeddable":true,"href":"https:\/\/saltavecinal.com\/index.php\/wp-json\/"}],"wp:attachment":[{"href":"https:\/\/saltavecinal.com\/index.php\/wp-json\/wp\/v2\/media?parent=193436"}],"wp:term":[{"taxonomy":"category","embeddable":true,"href":"https:\/\/saltavecinal.com\/index.php\/wp-json\/wp\/v2\/categories?post=193436"},{"taxonomy":"post_tag","embeddable":true,"href":"https:\/\/saltavecinal.com\/index.php\/wp-json\/wp\/v2\/tags?post=193436"}],"curies":[{"name":"wp","href":"https:\/\/api.w.org\/{rel}","templated":true}]}}