{"id":193453,"date":"2023-04-04T14:46:19","date_gmt":"2023-04-04T17:46:19","guid":{"rendered":"https:\/\/prensa.municipalidadsalta.gob.ar\/?p=193453"},"modified":"2023-05-03T18:02:22","modified_gmt":"2023-05-03T18:02:22","slug":"semana-santa-agentes-municipales-intensifican-controles-y-recorridos-preventivos-2","status":"publish","type":"post","link":"https:\/\/saltavecinal.com\/index.php\/2023\/04\/04\/semana-santa-agentes-municipales-intensifican-controles-y-recorridos-preventivos-2\/","title":{"rendered":"Semana Santa: agentes municipales intensifican controles y recorridos preventivos \u00a0\u00a0\u00a0\u00a0"},"content":{"rendered":"<p>La Municipalidad dispuso un amplio despliegue de agentes municipales, de distintas \u00e1reas, con el fin de mantener el orden y control en sectores del micro y macrocentro de la ciudad y en aquellos puntos de referencia tur\u00edstica con motivo de la Semana Santa.<\/p>\n<p>Desde la Secretar\u00eda de Protecci\u00f3n Ciudadana se dispuso, a partir del mi\u00e9rcoles 5, la afectaci\u00f3n de la totalidad del personal, que estar\u00e1 distribuido en forma estrat\u00e9gica en los diferentes cuadrantes de la ciudad.\u00a0 Los agentes municipales realizar\u00e1n controles y recorridos preventivos.<\/p>\n<p>En ese sentido, los distintos equipos del \u00e1rea se ubicar\u00e1n en cercan\u00edas de iglesias, parroquias, puntos de referencia tur\u00edsticos, espacios recreativos, espacios comerciales, monumentos y sectores de alta afluencia peatonal.<\/p>\n<p>Est\u00e1 previsto que se acompa\u00f1e con per\u00edmetros de seguridad y asistencia a los fieles que participen de las diferentes ceremonias religiosas. En la jornada del Viernes Santo se brindar\u00e1 cobertura especial al V\u00eda Crucis que parte desde la Cruz del Congreso Eucar\u00edstico hasta la cima del Cerro San Bernardo con equipos municipales y m\u00f3viles.<\/p>\n<p>Adem\u00e1s, se trabajar\u00e1 en conjunto con el resto de las \u00e1reas municipales que intervienen en el operativo especial desplegados en zonas del micro y macro centro a los fines de mantener el orden y evitar complicaciones en sectores de afluencia peatonal.<\/p>\n<p>El secretario de Movilidad Ciudadana, Jorge Altamirano, destac\u00f3 que \u201cen estos d\u00edas vamos a redoblar la presencia en aquellos sectores ya identificados para prevenci\u00f3n de situaciones de emergencia. Se recomienda a quienes van a participar de las ceremonias religiosas estar atentos a los menores de edad para evitar extrav\u00edos\u201d.<\/p>\n<p>Por cualquier tipo de emergencia se recomienda llamar al n\u00famero gratuito 105.<\/p>\n<p>&nbsp;<\/p>\n<p><img loading=\"lazy\" decoding=\"async\" class=\"alignnone size-full wp-image-175899\" src=\"https:\/\/prensa.municipalidadsalta.gob.ar\/wp-content\/uploads\/2022\/04\/recorridos-semana-santa-1a.jpg\" alt=\"\" width=\"1570\" height=\"898\" \/><\/p>\n<p><img loading=\"lazy\" decoding=\"async\" class=\"alignnone size-full wp-image-183667\" src=\"https:\/\/prensa.municipalidadsalta.gob.ar\/wp-content\/uploads\/2022\/09\/preventores-operativo-milagro-2022-a.jpg\" alt=\"\" width=\"2048\" height=\"1366\" \/><\/p>\n<p><img loading=\"lazy\" decoding=\"async\" class=\"alignnone size-full wp-image-193455\" src=\"https:\/\/prensa.municipalidadsalta.gob.ar\/wp-content\/uploads\/2023\/04\/preventores-urbanos-6-scaled.jpeg\" alt=\"\" width=\"2560\" height=\"1440\" \/><\/p>\n<p><img loading=\"lazy\" decoding=\"async\" class=\"alignnone size-full wp-image-175920\" src=\"https:\/\/prensa.municipalidadsalta.gob.ar\/wp-content\/uploads\/2022\/04\/recorridos-semana-santa-4a.jpg\" alt=\"\" width=\"1582\" height=\"898\" \/><\/p>\n","protected":false},"excerpt":{"rendered":"<p>Se diagramaron circuitos que incluyen iglesias, parroquias, puntos de referencia tur\u00edsticos, espacios recreativos, comerciales, monumentos y sectores de alta afluencia peatonal.\u00a0<\/p>\n","protected":false},"author":1,"featured_media":175901,"comment_status":"closed","ping_status":"closed","sticky":false,"template":"","format":"standard","meta":{"footnotes":""},"categories":[245],"tags":[140,128],"class_list":{"0":"post-193453","1":"post","2":"type-post","3":"status-publish","4":"format-standard","5":"has-post-thumbnail","7":"category-salta","8":"tag-preventores-urbanos","9":"tag-semana-santa"},"_links":{"self":[{"href":"https:\/\/saltavecinal.com\/index.php\/wp-json\/wp\/v2\/posts\/193453"}],"collection":[{"href":"https:\/\/saltavecinal.com\/index.php\/wp-json\/wp\/v2\/posts"}],"about":[{"href":"https:\/\/saltavecinal.com\/index.php\/wp-json\/wp\/v2\/types\/post"}],"author":[{"embeddable":true,"href":"https:\/\/saltavecinal.com\/index.php\/wp-json\/wp\/v2\/users\/1"}],"replies":[{"embeddable":true,"href":"https:\/\/saltavecinal.com\/index.php\/wp-json\/wp\/v2\/comments?post=193453"}],"version-history":[{"count":1,"href":"https:\/\/saltavecinal.com\/index.php\/wp-json\/wp\/v2\/posts\/193453\/revisions"}],"predecessor-version":[{"id":233784,"href":"https:\/\/saltavecinal.com\/index.php\/wp-json\/wp\/v2\/posts\/193453\/revisions\/233784"}],"wp:featuredmedia":[{"embeddable":true,"href":"https:\/\/saltavecinal.com\/index.php\/wp-json\/"}],"wp:attachment":[{"href":"https:\/\/saltavecinal.com\/index.php\/wp-json\/wp\/v2\/media?parent=193453"}],"wp:term":[{"taxonomy":"category","embeddable":true,"href":"https:\/\/saltavecinal.com\/index.php\/wp-json\/wp\/v2\/categories?post=193453"},{"taxonomy":"post_tag","embeddable":true,"href":"https:\/\/saltavecinal.com\/index.php\/wp-json\/wp\/v2\/tags?post=193453"}],"curies":[{"name":"wp","href":"https:\/\/api.w.org\/{rel}","templated":true}]}}