{"id":193505,"date":"2023-04-05T12:31:58","date_gmt":"2023-04-05T15:31:58","guid":{"rendered":"https:\/\/prensa.municipalidadsalta.gob.ar\/?p=193505"},"modified":"2023-05-03T18:02:13","modified_gmt":"2023-05-03T18:02:13","slug":"se-capacito-a-estudiantes-en-armado-de-curriculum-vitae-y-orientacion-vocacional","status":"publish","type":"post","link":"https:\/\/saltavecinal.com\/index.php\/2023\/04\/05\/se-capacito-a-estudiantes-en-armado-de-curriculum-vitae-y-orientacion-vocacional\/","title":{"rendered":"Se capacit\u00f3 a estudiantes en armado de Curriculum Vitae y Orientaci\u00f3n vocacional"},"content":{"rendered":"<p>Desde la Subsecretar\u00eda de Promoci\u00f3n Laboral de la Municipalidad de Salta se realiza un acompa\u00f1amiento continuo a los j\u00f3venes estudiantes de la ciudad, con el objetivo de brindarles recomendaciones y herramientas necesarias para emprender la b\u00fasqueda de empleo.<\/p>\n<p>Ayer, el equipo de profesionales del \u00e1rea que depende del Ente de Desarrollo Econ\u00f3mico, visit\u00f3 por la ma\u00f1ana el colegio secundario N\u00b0 5.094 \u00abRa\u00fal Scalabrini Ortiz\u201d donde se dict\u00f3 el taller sobre armado de Curriculum Vitae con la participaci\u00f3n de 87 alumnos.<\/p>\n<p>Mientras que, por la tarde, 26 estudiantes del colegio San Jos\u00e9 de Calasanz participaron del taller de orientaci\u00f3n vocacional.<\/p>\n<p>Desde que inici\u00f3 la gesti\u00f3n de la intendenta, Bettina Romero, se impulsaron diferentes medidas tendientes a generar un puente entre los j\u00f3venes y el mundo del trabajo, por lo que es sumamente importante poder acompa\u00f1arlos con este tipo de actividades y programas, contribuyendo a su desarrollo personal y profesional.<\/p>\n<p>&nbsp;<\/p>\n<p><img loading=\"lazy\" decoding=\"async\" class=\"alignnone size-full wp-image-193507\" src=\"https:\/\/prensa.municipalidadsalta.gob.ar\/wp-content\/uploads\/2023\/04\/talleresente2.jpg\" alt=\"\" width=\"1600\" height=\"1200\" \/><\/p>\n<p><img loading=\"lazy\" decoding=\"async\" class=\"alignnone size-full wp-image-193508\" src=\"https:\/\/prensa.municipalidadsalta.gob.ar\/wp-content\/uploads\/2023\/04\/talleresente3.png\" alt=\"\" width=\"602\" height=\"536\" \/><\/p>\n","protected":false},"excerpt":{"rendered":"<p>Los talleres se dictaron en los colegios secundarios \u00abRa\u00fal Scalabrini Ortiz\u00bb y \u201cSan Jos\u00e9 De Calasanz\u201d. Participaron 113 j\u00f3venes de 5\u00ba a\u00f1o. Las charlas estuvieron a cargo de profesionales del Ente de Desarrollo Econ\u00f3mico.<\/p>\n","protected":false},"author":1,"featured_media":193506,"comment_status":"closed","ping_status":"closed","sticky":false,"template":"","format":"standard","meta":{"footnotes":""},"categories":[245],"tags":[152,153,154],"class_list":{"0":"post-193505","1":"post","2":"type-post","3":"status-publish","4":"format-standard","5":"has-post-thumbnail","7":"category-salta","8":"tag-elaboracion-curriculum-vitae","9":"tag-oficina-de-empleo","10":"tag-talleres-de-orientacion-vocacional"},"_links":{"self":[{"href":"https:\/\/saltavecinal.com\/index.php\/wp-json\/wp\/v2\/posts\/193505"}],"collection":[{"href":"https:\/\/saltavecinal.com\/index.php\/wp-json\/wp\/v2\/posts"}],"about":[{"href":"https:\/\/saltavecinal.com\/index.php\/wp-json\/wp\/v2\/types\/post"}],"author":[{"embeddable":true,"href":"https:\/\/saltavecinal.com\/index.php\/wp-json\/wp\/v2\/users\/1"}],"replies":[{"embeddable":true,"href":"https:\/\/saltavecinal.com\/index.php\/wp-json\/wp\/v2\/comments?post=193505"}],"version-history":[{"count":1,"href":"https:\/\/saltavecinal.com\/index.php\/wp-json\/wp\/v2\/posts\/193505\/revisions"}],"predecessor-version":[{"id":233776,"href":"https:\/\/saltavecinal.com\/index.php\/wp-json\/wp\/v2\/posts\/193505\/revisions\/233776"}],"wp:featuredmedia":[{"embeddable":true,"href":"https:\/\/saltavecinal.com\/index.php\/wp-json\/"}],"wp:attachment":[{"href":"https:\/\/saltavecinal.com\/index.php\/wp-json\/wp\/v2\/media?parent=193505"}],"wp:term":[{"taxonomy":"category","embeddable":true,"href":"https:\/\/saltavecinal.com\/index.php\/wp-json\/wp\/v2\/categories?post=193505"},{"taxonomy":"post_tag","embeddable":true,"href":"https:\/\/saltavecinal.com\/index.php\/wp-json\/wp\/v2\/tags?post=193505"}],"curies":[{"name":"wp","href":"https:\/\/api.w.org\/{rel}","templated":true}]}}