{"id":193648,"date":"2023-04-10T12:40:19","date_gmt":"2023-04-10T15:40:19","guid":{"rendered":"https:\/\/prensa.municipalidadsalta.gob.ar\/?p=193648"},"modified":"2023-05-03T18:01:52","modified_gmt":"2023-05-03T18:01:52","slug":"la-municipalidad-y-la-unsa-inauguraran-el-5o-centro-de-extension-universitaria","status":"publish","type":"post","link":"https:\/\/saltavecinal.com\/index.php\/2023\/04\/10\/la-municipalidad-y-la-unsa-inauguraran-el-5o-centro-de-extension-universitaria\/","title":{"rendered":"La Municipalidad y la UNSa inaugurar\u00e1n el 5\u00ba Centro de Extensi\u00f3n Universitaria"},"content":{"rendered":"<p><span style=\"font-weight: 400\">Este mi\u00e9rcoles 12 de abril a las 10:30, la Municipalidad y la Universidad Nacional de Salta inaugurar\u00e1n el 5\u00ba Centro de Extensi\u00f3n Universitaria (CEUNSa) de la ciudad.<\/span><\/p>\n<p><span style=\"font-weight: 400\">El punto funcionar\u00e1 en la Delegaci\u00f3n de San Luis ubicado en calle Cerro San Bernardo N\u00ba 90 Km 4 \u00bd.<\/span><\/p>\n<p><span style=\"font-weight: 400\">Durante la apertura, se dar\u00e1 la primera charla sobre: \u00abAplicaciones de la Energ\u00eda Solar\u00bb a cargo de la profesora Judith Franco.\u00a0<\/span><\/p>\n<p><span style=\"font-weight: 400\">Los vecinos de la zona sur y alrededores que deseen sumarse podr\u00e1n hacerlo ese mismo d\u00eda o bien comunicarse al 4998580 o 4998286 o por WhatsApp: 3876 37 9100.<\/span><\/p>\n<p><span style=\"font-weight: 400\">En el marco de la descentralizaci\u00f3n municipal, m\u00e1s de 700 alumnos se capacitaron en los cursos y talleres de nivel superior dictados por la UNSa en los dispositivos territoriales municipales de barrio Uni\u00f3n, San Benito de zona sudeste y en el NIDO (N\u00facleo de Innovaci\u00f3n para el Desarrollo de Oportunidades) de barrio Bicentenario, CIC de Uni\u00f3n y de Limache han recibido sus certificados.<\/span><\/p>\n<p>&nbsp;<\/p>\n<p><img loading=\"lazy\" decoding=\"async\" class=\"alignnone size-full wp-image-193650\" src=\"https:\/\/prensa.municipalidadsalta.gob.ar\/wp-content\/uploads\/2023\/04\/delegacion-de-san-luis-1.jpg\" alt=\"\" width=\"1024\" height=\"684\" \/><\/p>\n","protected":false},"excerpt":{"rendered":"<p>El acto ser\u00e1 este mi\u00e9rcoles 12 de abril a las 10:30 en la oficina municipal ubicada en Cerro San Bernardo N\u00ba 90 de San Luis. Los vecinos de la zona podr\u00e1n acceder a capacitaciones de calidad otorgadas por los docentes de la Universidad Nacional de Salta.<\/p>\n","protected":false},"author":1,"featured_media":177521,"comment_status":"closed","ping_status":"closed","sticky":false,"template":"","format":"standard","meta":{"footnotes":""},"categories":[245],"tags":[145,80],"class_list":{"0":"post-193648","1":"post","2":"type-post","3":"status-publish","4":"format-standard","5":"has-post-thumbnail","7":"category-salta","8":"tag-ceunsa","9":"tag-delegacion-de-san-luis"},"_links":{"self":[{"href":"https:\/\/saltavecinal.com\/index.php\/wp-json\/wp\/v2\/posts\/193648"}],"collection":[{"href":"https:\/\/saltavecinal.com\/index.php\/wp-json\/wp\/v2\/posts"}],"about":[{"href":"https:\/\/saltavecinal.com\/index.php\/wp-json\/wp\/v2\/types\/post"}],"author":[{"embeddable":true,"href":"https:\/\/saltavecinal.com\/index.php\/wp-json\/wp\/v2\/users\/1"}],"replies":[{"embeddable":true,"href":"https:\/\/saltavecinal.com\/index.php\/wp-json\/wp\/v2\/comments?post=193648"}],"version-history":[{"count":1,"href":"https:\/\/saltavecinal.com\/index.php\/wp-json\/wp\/v2\/posts\/193648\/revisions"}],"predecessor-version":[{"id":233757,"href":"https:\/\/saltavecinal.com\/index.php\/wp-json\/wp\/v2\/posts\/193648\/revisions\/233757"}],"wp:featuredmedia":[{"embeddable":true,"href":"https:\/\/saltavecinal.com\/index.php\/wp-json\/"}],"wp:attachment":[{"href":"https:\/\/saltavecinal.com\/index.php\/wp-json\/wp\/v2\/media?parent=193648"}],"wp:term":[{"taxonomy":"category","embeddable":true,"href":"https:\/\/saltavecinal.com\/index.php\/wp-json\/wp\/v2\/categories?post=193648"},{"taxonomy":"post_tag","embeddable":true,"href":"https:\/\/saltavecinal.com\/index.php\/wp-json\/wp\/v2\/tags?post=193648"}],"curies":[{"name":"wp","href":"https:\/\/api.w.org\/{rel}","templated":true}]}}