{"id":193671,"date":"2023-04-10T14:35:21","date_gmt":"2023-04-10T17:35:21","guid":{"rendered":"https:\/\/prensa.municipalidadsalta.gob.ar\/?p=193671"},"modified":"2023-05-03T18:01:49","modified_gmt":"2023-05-03T18:01:49","slug":"la-municipalidad-intensifica-la-realizacion-de-simulacros-en-instituciones-educativas-2","status":"publish","type":"post","link":"https:\/\/saltavecinal.com\/index.php\/2023\/04\/10\/la-municipalidad-intensifica-la-realizacion-de-simulacros-en-instituciones-educativas-2\/","title":{"rendered":"La Municipalidad intensifica la realizaci\u00f3n de simulacros en instituciones educativas"},"content":{"rendered":"<p><span style=\"font-weight: 400\">La Municipalidad intensifica las tareas que permiten transmitir los principales conocimientos para el abordaje de emergencias y situaciones de cat\u00e1strofe, formando a la comunidad en su rol de auxiliares y colaboradores.\u00a0<\/span><\/p>\n<p><span style=\"font-weight: 400\">Ma\u00f1ana, martes 11 de abril, bajo la hip\u00f3tesis de sismo e incendio, se realizar\u00e1 desde las 10, un simulacro en las instalaciones del colegio Santa Teresa de Jes\u00fas, en Santiago del Estero entre Mitre y Zuvir\u00eda.\u00a0<\/span><\/p>\n<p><span style=\"font-weight: 400\">En ese sentido el personal de la Subsecretar\u00eda de Gesti\u00f3n Integral de Riesgos evaluar\u00e1, junto a los directivos de la instituci\u00f3n y responsables de seguridad, los sistemas de organizaci\u00f3n para la evacuaci\u00f3n general del edificio, las voces de mando, el punto de encuentro y las principales acciones que deben tenerse en cuenta al momento de una situaci\u00f3n de emergencia.\u00a0<\/span><\/p>\n<p><span style=\"font-weight: 400\">Se contar\u00e1 con la participaci\u00f3n de personal de la Secretar\u00eda de Movilidad Ciudadana que destinar\u00e1 m\u00f3viles y motoristas para organizar los desv\u00edos y retenciones parciales de circulaci\u00f3n vehicular.\u00a0\u00a0<\/span><\/p>\n<p><span style=\"font-weight: 400\">Se recomienda a quienes deban circular por la zona atender las indicaciones del personal uniformado, usar v\u00edas alternativas y reducir la velocidad en los puntos de concentraci\u00f3n de personas.\u00a0<\/span><\/p>\n<p>&nbsp;<\/p>\n<p><b>C\u00f3mo solicitar capacitaciones, charlas y simulacros\u00a0\u00a0<\/b><\/p>\n<p><span style=\"font-weight: 400\">Desde la Subsecretar\u00eda de Gesti\u00f3n Integral de Riesgos, dependiente de Protecci\u00f3n Ciudadana, se articula y organiza con establecimientos educacionales, centros vecinales, organizaciones no gubernamentales y entidades intermedias las propuestas que contienen las siguientes tem\u00e1ticas:\u00a0<\/span><\/p>\n<p><span style=\"font-weight: 400\">-C\u00f3mo actuar antes sismos \u2013 (simulacros)\u00a0<\/span><\/p>\n<p><span style=\"font-weight: 400\">-Abordaje ante principios de incendios \u2013 Uso de Extintores (matafuegos)\u00a0<\/span><\/p>\n<p><span style=\"font-weight: 400\">-Primeros Auxilios en Emergencias \u2013 RCP\u00a0<\/span><\/p>\n<p><span style=\"font-weight: 400\">-C\u00f3mo intervenir ante una fuga de gas\u00a0<\/span><\/p>\n<p><span style=\"font-weight: 400\">-Intervenciones ante cuadros de intoxicaci\u00f3n por mon\u00f3xido de carbono\u00a0<\/span><\/p>\n<p><span style=\"font-weight: 400\">-Eventos adversos: inundaciones o anegamientos-Vientos Intensos- Ola de calor o de fr\u00edo-\u00a0<\/span><\/p>\n<p>&nbsp;<\/p>\n<p><span style=\"font-weight: 400\">Los interesados deber\u00e1n enviar una nota mediante mesa de entradas de la Municipalidad \u00fanicamente dirigido a la Secretar\u00eda de Protecci\u00f3n Ciudadana indicando:\u00a0<\/span><\/p>\n<p><span style=\"font-weight: 400\">-Nombre y apellido de directivos del establecimiento educacional\u00a0<\/span><\/p>\n<p><span style=\"font-weight: 400\">-Direcci\u00f3n exacta\u00a0<\/span><\/p>\n<p><span style=\"font-weight: 400\">-N\u00famero de tel\u00e9fono del contacto y de la escuela o colegio\u00a0<\/span><\/p>\n<p><span style=\"font-weight: 400\">-El tema seleccionado a capacitar con fecha y hora propuesta que ser\u00e1n adecuados a la agenda institucional del organismo capacitador\u00a0<\/span><\/p>\n<p>&nbsp;<\/p>\n<p><span style=\"font-weight: 400\">Para consultas pueden llamar al n\u00famero gratuito 105.<\/span><\/p>\n<p><img loading=\"lazy\" decoding=\"async\" class=\"alignnone size-full wp-image-193673\" src=\"https:\/\/prensa.municipalidadsalta.gob.ar\/wp-content\/uploads\/2023\/04\/simulacro-san-marcos-b-1024x682-1.jpg\" alt=\"\" width=\"1024\" height=\"682\" \/><\/p>\n<p><img loading=\"lazy\" decoding=\"async\" class=\"alignnone size-full wp-image-193672\" src=\"https:\/\/prensa.municipalidadsalta.gob.ar\/wp-content\/uploads\/2023\/04\/simulacro-san-marcos-a.jpg\" alt=\"\" width=\"1280\" height=\"853\" \/> <img loading=\"lazy\" decoding=\"async\" class=\"alignnone size-full wp-image-193675\" src=\"https:\/\/prensa.municipalidadsalta.gob.ar\/wp-content\/uploads\/2023\/04\/simulacro-san-marcos-f-1024x682-1.jpg\" alt=\"\" width=\"1024\" height=\"682\" \/><\/p>\n","protected":false},"excerpt":{"rendered":"<p>Ma\u00f1ana desde las 10, se efectuar\u00e1 un ejercicio, en forma articulada, con las autoridades, directivos, docentes y alumnos del colegio Santa Teresa de Jes\u00fas, en Santiago del Estero entre Mitre y Zuvir\u00eda. <\/p>\n","protected":false},"author":1,"featured_media":193674,"comment_status":"closed","ping_status":"closed","sticky":false,"template":"","format":"standard","meta":{"footnotes":""},"categories":[245],"tags":[183],"class_list":{"0":"post-193671","1":"post","2":"type-post","3":"status-publish","4":"format-standard","5":"has-post-thumbnail","7":"category-salta","8":"tag-simulacro"},"_links":{"self":[{"href":"https:\/\/saltavecinal.com\/index.php\/wp-json\/wp\/v2\/posts\/193671"}],"collection":[{"href":"https:\/\/saltavecinal.com\/index.php\/wp-json\/wp\/v2\/posts"}],"about":[{"href":"https:\/\/saltavecinal.com\/index.php\/wp-json\/wp\/v2\/types\/post"}],"author":[{"embeddable":true,"href":"https:\/\/saltavecinal.com\/index.php\/wp-json\/wp\/v2\/users\/1"}],"replies":[{"embeddable":true,"href":"https:\/\/saltavecinal.com\/index.php\/wp-json\/wp\/v2\/comments?post=193671"}],"version-history":[{"count":1,"href":"https:\/\/saltavecinal.com\/index.php\/wp-json\/wp\/v2\/posts\/193671\/revisions"}],"predecessor-version":[{"id":233754,"href":"https:\/\/saltavecinal.com\/index.php\/wp-json\/wp\/v2\/posts\/193671\/revisions\/233754"}],"wp:featuredmedia":[{"embeddable":true,"href":"https:\/\/saltavecinal.com\/index.php\/wp-json\/"}],"wp:attachment":[{"href":"https:\/\/saltavecinal.com\/index.php\/wp-json\/wp\/v2\/media?parent=193671"}],"wp:term":[{"taxonomy":"category","embeddable":true,"href":"https:\/\/saltavecinal.com\/index.php\/wp-json\/wp\/v2\/categories?post=193671"},{"taxonomy":"post_tag","embeddable":true,"href":"https:\/\/saltavecinal.com\/index.php\/wp-json\/wp\/v2\/tags?post=193671"}],"curies":[{"name":"wp","href":"https:\/\/api.w.org\/{rel}","templated":true}]}}