{"id":193688,"date":"2023-04-10T18:21:26","date_gmt":"2023-04-10T21:21:26","guid":{"rendered":"https:\/\/prensa.municipalidadsalta.gob.ar\/?p=193688"},"modified":"2023-05-03T18:01:47","modified_gmt":"2023-05-03T18:01:47","slug":"comenzaron-los-cursos-que-impulsa-loreal-argentina-y-la-fundacion-pescar-en-conjunto-con-la-municipalidad","status":"publish","type":"post","link":"https:\/\/saltavecinal.com\/index.php\/2023\/04\/10\/comenzaron-los-cursos-que-impulsa-loreal-argentina-y-la-fundacion-pescar-en-conjunto-con-la-municipalidad\/","title":{"rendered":"Comenzaron los cursos que impulsa L\u2019Or\u00e9al Argentina y la Fundaci\u00f3n Pescar en conjunto con la Municipalidad"},"content":{"rendered":"<p><span style=\"font-weight: 400\">Hoy comenzaron las clases de los cursos de maquillaje profesional, manicura y cuidados de la piel, del programa \u201cBelleza por un Futuro\u201d, que llevan adelante L\u2019Or\u00e9al Argentina y Fundaci\u00f3n Pescar en conjunto con la Municipalidad de Salta. La apertura cont\u00f3 con la presencia de la intendenta, Bettina Romero, qui\u00e9n escuch\u00f3 las historias de vida de las alumnas que resultaron seleccionadas y las felicit\u00f3 por sus ganas de capacitarse para salir adelante.\u00a0<\/span><\/p>\n<p>&nbsp;<\/p>\n<p><span style=\"font-weight: 400\">\u201cQueremos que nuestras vecinas aprendan a trav\u00e9s de capacitaciones reales de calidad, dictadas por empresas referentes en el mundo. Estoy feliz de haber sumado a Salta a estas formaciones. Avanzamos con esta gran red de mujeres que seguimos impulsando por el progreso de Salta\u201d, dijo Bettina Romero.\u00a0\u00a0<\/span><\/p>\n<p>&nbsp;<\/p>\n<p><span style=\"font-weight: 400\">Luego, agreg\u00f3: \u201cLa pobreza y las crisis golpean m\u00e1s a este sector de la sociedad y por eso gran parte de nuestra agenda tiene que ver con las mujeres. Apenas asum\u00ed, las priorice. Ellas tienen muchas ganas de progresar, por eso, les brindamos herramientas como capacitaciones, becas y un banco de financiamientos a tasa 0. Esta es la gesti\u00f3n que m\u00e1s piensa en las mujeres salte\u00f1as\u201d.\u00a0<\/span><\/p>\n<p>&nbsp;<\/p>\n<p><span style=\"font-weight: 400\">El curso ofrece una capacitaci\u00f3n intensiva de 450 horas y abarca t\u00e9cnicas de maquillaje, cuidados de la piel y manicura para que, una vez egresadas, las participantes puedan generar una salida laboral con esas herramientas. Se dicta de manera presencial y virtual.\u00a0\u00a0<\/span><\/p>\n<p>&nbsp;<\/p>\n<p><span style=\"font-weight: 400\">Adriana Castillo, alumna, expres\u00f3: \u00abMe interesa aprender sobre t\u00e9cnicas de maquillaje porque me gusta y siento que es una forma de progresar personalmente y laboralmente. Estoy feliz de haber sido seleccionada. La situaci\u00f3n econ\u00f3mica est\u00e1 muy dif\u00edcil, por eso esta es una oportunidad que no voy a desaprovechar\u00bb.<\/span><\/p>\n<p>&nbsp;<\/p>\n<p><span style=\"font-weight: 400\">\u201cBelleza por un Futuro\u00bb es el programa de responsabilidad social de la empresa L\u2019Or\u00e9al mediante el cual se capacita en peluquer\u00eda y maquillaje a personas de 29 pa\u00edses en todo el mundo, en situaci\u00f3n de vulnerabilidad socioecon\u00f3mica para que puedan acceder a un empleo. Hace 6 a\u00f1os que lleva adelante esta iniciativa en el pa\u00eds junto a la Fundaci\u00f3n Pescar Argentina.<\/span><\/p>\n<p>&nbsp;<\/p>\n<p><span style=\"font-weight: 400\">Paula Carvallo, integrante de la Fundaci\u00f3n Pescar y Profesora de maquillaje, agradeci\u00f3 a Bettina Romero, por permitir que las capacitaciones sean posibles y expres\u00f3: \u00abEs una alegr\u00eda dar inicio a esta capacitaci\u00f3n. Este es un mundo que constantemente va cambiando y renov\u00e1ndose. Estas pr\u00e1cticas son fundamentales para empoderar a la mujer. Lo m\u00e1s lindo es que juntas vamos a disfrutar de este mundo del maquillaje con clases din\u00e1micas y aprendiendo t\u00e9cnicas valiosas\u201d.<\/span><\/p>\n<p>&nbsp;<\/p>\n<p><span style=\"font-weight: 400\">Desde el a\u00f1o 2017 ya se graduaron 1669 personas de los cursos de peluquer\u00eda y maquillaje de \u201cBelleza por un Futuro\u201d, 80% de las cuales ya tienen un empleo ya sea en relaci\u00f3n de dependencia o emprendimiento propio.\u00a0<\/span><\/p>\n<p>&nbsp;<\/p>\n<p><span style=\"font-weight: 400\">Los cursos que se brindan son de alta calidad t\u00e9cnica, dictado por profesionales asociados a las marcas de L&#8217;Or\u00e9al que acompa\u00f1an el programa. A su vez, un tercio de las horas dictadas se destina a capacitaciones en habilidades socioemocionales necesarias para obtener y sostener un empleo.<\/span><\/p>\n<p><img loading=\"lazy\" decoding=\"async\" class=\"alignnone size-full wp-image-193689\" src=\"https:\/\/prensa.municipalidadsalta.gob.ar\/wp-content\/uploads\/2023\/04\/loreal-argentina.jpeg\" alt=\"\" width=\"1600\" height=\"1070\" \/><\/p>\n","protected":false},"excerpt":{"rendered":"<p>La intendenta, Bettina Romero, acompa\u00f1\u00f3 a las alumnas que hoy iniciaron las clases de maquillaje, manicura y cuidado de la piel, en el Centro C\u00edvico Municipal. Donde las escucho y destac\u00f3 sus ganas de salir adelante y la oportunidad que tienen de capacitarse con profesionales de primer nivel para insertarse en el mundo laboral. <\/p>\n","protected":false},"author":1,"featured_media":193690,"comment_status":"closed","ping_status":"closed","sticky":false,"template":"","format":"standard","meta":{"footnotes":""},"categories":[245],"tags":[42,185],"class_list":{"0":"post-193688","1":"post","2":"type-post","3":"status-publish","4":"format-standard","5":"has-post-thumbnail","7":"category-salta","8":"tag-capacitaciones","9":"tag-loreal-argentina"},"_links":{"self":[{"href":"https:\/\/saltavecinal.com\/index.php\/wp-json\/wp\/v2\/posts\/193688"}],"collection":[{"href":"https:\/\/saltavecinal.com\/index.php\/wp-json\/wp\/v2\/posts"}],"about":[{"href":"https:\/\/saltavecinal.com\/index.php\/wp-json\/wp\/v2\/types\/post"}],"author":[{"embeddable":true,"href":"https:\/\/saltavecinal.com\/index.php\/wp-json\/wp\/v2\/users\/1"}],"replies":[{"embeddable":true,"href":"https:\/\/saltavecinal.com\/index.php\/wp-json\/wp\/v2\/comments?post=193688"}],"version-history":[{"count":1,"href":"https:\/\/saltavecinal.com\/index.php\/wp-json\/wp\/v2\/posts\/193688\/revisions"}],"predecessor-version":[{"id":233752,"href":"https:\/\/saltavecinal.com\/index.php\/wp-json\/wp\/v2\/posts\/193688\/revisions\/233752"}],"wp:featuredmedia":[{"embeddable":true,"href":"https:\/\/saltavecinal.com\/index.php\/wp-json\/"}],"wp:attachment":[{"href":"https:\/\/saltavecinal.com\/index.php\/wp-json\/wp\/v2\/media?parent=193688"}],"wp:term":[{"taxonomy":"category","embeddable":true,"href":"https:\/\/saltavecinal.com\/index.php\/wp-json\/wp\/v2\/categories?post=193688"},{"taxonomy":"post_tag","embeddable":true,"href":"https:\/\/saltavecinal.com\/index.php\/wp-json\/wp\/v2\/tags?post=193688"}],"curies":[{"name":"wp","href":"https:\/\/api.w.org\/{rel}","templated":true}]}}