{"id":193692,"date":"2023-04-10T21:33:27","date_gmt":"2023-04-11T00:33:27","guid":{"rendered":"https:\/\/prensa.municipalidadsalta.gob.ar\/?p=193692"},"modified":"2023-05-03T18:01:46","modified_gmt":"2023-05-03T18:01:46","slug":"bettina-romero-inauguro-un-nuevo-bulevar-y-cumplio-con-un-sueno-de-miles-de-vecinos-de-la-zona-norte","status":"publish","type":"post","link":"https:\/\/saltavecinal.com\/index.php\/2023\/04\/10\/bettina-romero-inauguro-un-nuevo-bulevar-y-cumplio-con-un-sueno-de-miles-de-vecinos-de-la-zona-norte\/","title":{"rendered":"Bettina Romero inaugur\u00f3 un nuevo bulevar y cumpli\u00f3 con un sue\u00f1o de miles de vecinos de la zona norte"},"content":{"rendered":"<p>La Municipalidad habilit\u00f3 obras viales en la avenida Joaqu\u00edn P\u00e9rez del barrio Casta\u00f1ares, ubicada detr\u00e1s de la UNSa (Universidad Nacional de Salta), en la zona norte.<\/p>\n<p>Se trata de trabajos de pavimentaci\u00f3n, cord\u00f3n cuneta e iluminaci\u00f3n Led, que brindan seguridad y accesibilidad a 30 mil salte\u00f1os que circulan a diario por este sector. Tambi\u00e9n, permitir\u00e1 la circulaci\u00f3n del transporte p\u00fablico por el lugar. Esta v\u00eda conecta con las avenidas principales del sector: Raimund\u00edn y Houssay.<\/p>\n<p>\u201cCon estas obras para los vecinos de la zona norte seguimos defendiendo Salta. Cumplimos con un sue\u00f1o que ten\u00edan los vecinos hace d\u00e9cadas. Creemos que la pol\u00edtica es hacer. De eso nos ocupamos en estos tres a\u00f1os. Esto es construir la Salta del futuro de la que tanto hablamos\u201d, dijo Bettina Romero qui\u00e9n recorri\u00f3 las obras finalizadas junto a los vecinos.<\/p>\n<p>Luego, agreg\u00f3: \u201cEsta es una Intendenta que hace obras pensando en el bienestar y la seguridad de cada vecino y en las nuevas generaciones. Hoy estas familias pueden decir que sus impuestos est\u00e1n volcados en el progreso de su zona\u201d.<\/p>\n<p>Gladys Flores, vecina del barrio Casta\u00f1ares, agradeci\u00f3 las obras y expres\u00f3: \u201cHace 42 a\u00f1os jam\u00e1s me imagin\u00e9 estar viviendo este momento. Esta era una calle de tierra, oscura e insegura. Hoy vivimos el sue\u00f1o que tanto esper\u00e1bamos. Estuvimos much\u00edsimos a\u00f1os olvidados y ahora nos sentimos integrados\u201d.<\/p>\n<p>Con este Plan municipal, pese al ajuste nacional y los escasos recursos que recibe el municipio por coparticipaci\u00f3n, la inversi\u00f3n en esta infraestructura alcanz\u00f3 m\u00e1s de 180 calles de tierra erradicadas en la capital.<\/p>\n<p>En tanto, Wilen Yapura, vecina y estudiante de Casta\u00f1ares, afirm\u00f3: \u201cConozco desde chiquita esta calle que antes era s\u00f3lo tierra y un peligro. Caminaba obligadamente para ir a estudiar por aqu\u00ed con miedo y ahora todo se transform\u00f3. Estamos felices con las mejoras para nuestro barrio\u00bb.<\/p>\n<p>La obra p\u00fablica ejecutada por esta gesti\u00f3n, con m\u00e1s de 500 obras, gener\u00f3 m\u00e1s de 5.600 puestos de trabajo beneficiando, con un impacto econ\u00f3mico y social, a m\u00e1s de 20 mil salte\u00f1os.<\/p>\n<p><iframe loading=\"lazy\" title=\"Bettina Romero inaugur\u00f3 un nuevo bulevar y cumpli\u00f3 con un sue\u00f1o de miles de vecinos de la zona norte\" width=\"696\" height=\"392\" src=\"https:\/\/www.youtube.com\/embed\/HW4WxNp5GEU?feature=oembed\" frameborder=\"0\" allow=\"accelerometer; autoplay; clipboard-write; encrypted-media; gyroscope; picture-in-picture; web-share\" allowfullscreen><\/iframe><\/p>\n<p><img loading=\"lazy\" decoding=\"async\" class=\"alignnone size-full wp-image-193697\" src=\"https:\/\/prensa.municipalidadsalta.gob.ar\/wp-content\/uploads\/2023\/04\/img-20230410-wa0577.jpg\" alt=\"\" width=\"1600\" height=\"1060\" \/><\/p>\n<p><img loading=\"lazy\" decoding=\"async\" class=\"alignnone size-full wp-image-193698\" src=\"https:\/\/prensa.municipalidadsalta.gob.ar\/wp-content\/uploads\/2023\/04\/img-20230410-wa0495.jpg\" alt=\"\" width=\"1600\" height=\"1060\" \/><\/p>\n","protected":false},"excerpt":{"rendered":"<p>\u00abEstamos construyendo la Salta del futuro de la que tanto hablamos\u00bb, dijo la Intendenta al inaugurar las obras que esperaban hace m\u00e1s de 45 a\u00f1os las familias. Se trata de la transformaci\u00f3n total de la avenida Joaqu\u00edn P\u00e9rez que ahora permite la circulaci\u00f3n vehicular en doble sentido y el paso de los colectivos. Las tareas incluyen nuevo pavimento en 10 cuadras, cord\u00f3n cuneta y 32 puntos de luz LED.<\/p>\n","protected":false},"author":1,"featured_media":193693,"comment_status":"closed","ping_status":"closed","sticky":false,"template":"","format":"standard","meta":{"footnotes":""},"categories":[245],"tags":[186,168],"class_list":{"0":"post-193692","1":"post","2":"type-post","3":"status-publish","4":"format-standard","5":"has-post-thumbnail","7":"category-salta","8":"tag-iluminacion-led","9":"tag-obras"},"_links":{"self":[{"href":"https:\/\/saltavecinal.com\/index.php\/wp-json\/wp\/v2\/posts\/193692"}],"collection":[{"href":"https:\/\/saltavecinal.com\/index.php\/wp-json\/wp\/v2\/posts"}],"about":[{"href":"https:\/\/saltavecinal.com\/index.php\/wp-json\/wp\/v2\/types\/post"}],"author":[{"embeddable":true,"href":"https:\/\/saltavecinal.com\/index.php\/wp-json\/wp\/v2\/users\/1"}],"replies":[{"embeddable":true,"href":"https:\/\/saltavecinal.com\/index.php\/wp-json\/wp\/v2\/comments?post=193692"}],"version-history":[{"count":1,"href":"https:\/\/saltavecinal.com\/index.php\/wp-json\/wp\/v2\/posts\/193692\/revisions"}],"predecessor-version":[{"id":233751,"href":"https:\/\/saltavecinal.com\/index.php\/wp-json\/wp\/v2\/posts\/193692\/revisions\/233751"}],"wp:featuredmedia":[{"embeddable":true,"href":"https:\/\/saltavecinal.com\/index.php\/wp-json\/"}],"wp:attachment":[{"href":"https:\/\/saltavecinal.com\/index.php\/wp-json\/wp\/v2\/media?parent=193692"}],"wp:term":[{"taxonomy":"category","embeddable":true,"href":"https:\/\/saltavecinal.com\/index.php\/wp-json\/wp\/v2\/categories?post=193692"},{"taxonomy":"post_tag","embeddable":true,"href":"https:\/\/saltavecinal.com\/index.php\/wp-json\/wp\/v2\/tags?post=193692"}],"curies":[{"name":"wp","href":"https:\/\/api.w.org\/{rel}","templated":true}]}}