{"id":193723,"date":"2023-04-11T14:01:01","date_gmt":"2023-04-11T17:01:01","guid":{"rendered":"https:\/\/prensa.municipalidadsalta.gob.ar\/?p=193723"},"modified":"2023-05-03T18:01:42","modified_gmt":"2023-05-03T18:01:42","slug":"la-municipalidad-acompano-un-nuevo-operativo-de-ablacion-2","status":"publish","type":"post","link":"https:\/\/saltavecinal.com\/index.php\/2023\/04\/11\/la-municipalidad-acompano-un-nuevo-operativo-de-ablacion-2\/","title":{"rendered":"La Municipalidad acompa\u00f1\u00f3 un nuevo operativo de ablaci\u00f3n"},"content":{"rendered":"<p><span style=\"font-weight: 400\">La Municipalidad de Salta particip\u00f3 en la coordinaci\u00f3n del operativo de ablaci\u00f3n, que se activ\u00f3 durante la madrugada, realizando un trabajo conjunto con los equipos del Incucai, Cucai Salta, Polic\u00eda Vial y Centro de Coordinaci\u00f3n Operativa del Sistema de Emergencias 911.\u00a0<\/span><\/p>\n<p><span style=\"font-weight: 400\">A las 6 se implant\u00f3 el dispositivo especial para el acompa\u00f1amiento y despeje de calles, control de cruces vehiculares y coches punteros para un total de 4 ambulancias de SAMEC, destinada al traslado de equipos m\u00e9dicos que arribaron a esta ciudad, quienes realizaron la intervenci\u00f3n junto a profesionales salte\u00f1os.\u00a0<\/span><\/p>\n<p><span style=\"font-weight: 400\">En ese sentido, se destin\u00f3 personal de Inspectores de Infanter\u00eda de Tr\u00e1nsito para cubrir las distintas intersecciones, con 12 motoristas, 4 patrulleros y una gr\u00faa para el acompa\u00f1amiento, despeje y coche puntero en el recorrido, desde el sector de Aviaci\u00f3n Civil hacia el hospital San Bernardo y viceversa.\u00a0<\/span><\/p>\n<p><span style=\"font-weight: 400\">El secretario de Movilidad Ciudadana, Gilberto Pereyra, indic\u00f3 que \u201cla particularidad que tuvo este operativo fue que la log\u00edstica integral de ablaci\u00f3n y traslado de los \u00f3rganos se resolvi\u00f3 una vez que la justicia pudo autorizar permitiendo de esta manera articular el servicio con nuestro personal\u201d.\u00a0<\/span><\/p>\n<p><b>Un Inspector Motoristas fue colisionado\u00a0<\/b><\/p>\n<p><span style=\"font-weight: 400\">En circunstancias que se realizaba el primer cord\u00f3n sanitario con los profesionales m\u00e9dicos de la provincia de C\u00f3rdoba, un Inspector Motorista de Tr\u00e1nsito fue colisionado por un veh\u00edculo cuyo conductor hizo caso omiso a las se\u00f1ales realizadas para el despeje del corredor sanitario.\u00a0<\/span><\/p>\n<p><span style=\"font-weight: 400\">El inspector, Marco Antonio Lamas, circulaba con la sirena y las balizas encendidas encabezando el recorrido cuando fue impactado por el desaprensivo conductor, que se dio a la fuga, dejando al personal municipal sobre el pavimento.\u00a0<\/span><\/p>\n<p><span style=\"font-weight: 400\">Tras ser auxiliado por otros efectivos de la instituci\u00f3n fue trasladado en ambulancia del SAMEC hasta un centro asistencial donde qued\u00f3 internado en estado de observaci\u00f3n donde se le realizaron los primeros estudios incluyendo placas radiol\u00f3gicas y pruebas de resonancia.\u00a0<\/span><\/p>\n<p><span style=\"font-weight: 400\">El secretario de Movilidad Ciudadana Gilberto Pereyra estuvo en el lugar y remarc\u00f3 que \u201cpor disposici\u00f3n de la intendenta, Bettina Romero se articularon todas las acciones necesarias para la mejor atenci\u00f3n m\u00e9dica de nuestro inspector quedando atentos a lo que pueda necesitar\u201d.\u00a0<\/span><\/p>\n<p><b>El operativo:\u00a0<\/b><\/p>\n<p><span style=\"font-weight: 400\">La donante fue la oficial ayudante de la Polic\u00eda de Seguridad Via,l F\u00e1tima Cardozo, qui\u00e9n sufriera un siniestro vial y al no estar registrada como donante se aplic\u00f3 la Ley Nacional 27.447 que establece que toda persona mayor de 18 a\u00f1os es donante de \u00f3rganos o tejidos salvo que haya dejado expresa constancia de lo contrario, en acuerdo con sus familiares.\u00a0<\/span><\/p>\n<p><span style=\"font-weight: 400\">Se trata del d\u00e9cimo operativo del a\u00f1o 2.023, ocho de tejidos y el segundo multiorg\u00e1nico, que activ\u00f3 la llegada de 2 equipos profesionales del Hospital Italiano, que realizaron la ablaci\u00f3n de los pulmones y el h\u00edgado de la donante; en tanto que los m\u00e9dicos ablacionistas del Hospital de C\u00f3rdoba llevaron el coraz\u00f3n, seg\u00fan la lista de prioridades del CUCAI-Salta.\u00a0<\/span><\/p>\n<p><span style=\"font-weight: 400\">Las autoridades destacaron, como en cada oportunidad, la colaboraci\u00f3n del SAMEC; 911; Laboratorio de Histocompatibilidad CUCAI Salta; coordinadores m\u00e9dicos; personal de enfermer\u00eda de UTI San Bernardo y de Quir\u00f3fano y de la empresa \u00e1rea para el traslado de los equipos intervinientes.<\/span><\/p>\n<div class=\"youtube-embed\" data-video_id=\"Ov3aP76hdac\"><iframe loading=\"lazy\" title=\"La Municipalidad acompa\u00f1\u00f3 un nuevo operativo de ablaci\u00f3n\" width=\"696\" height=\"392\" src=\"https:\/\/www.youtube.com\/embed\/Ov3aP76hdac?feature=oembed&#038;enablejsapi=1\" frameborder=\"0\" allow=\"accelerometer; autoplay; clipboard-write; encrypted-media; gyroscope; picture-in-picture; web-share\" allowfullscreen><\/iframe><\/div>\n<p><img loading=\"lazy\" decoding=\"async\" class=\"alignnone size-full wp-image-193736\" src=\"https:\/\/prensa.municipalidadsalta.gob.ar\/wp-content\/uploads\/2023\/04\/ablacion-san-bernardo.jpg\" alt=\"\" width=\"1280\" height=\"601\" \/><\/p>\n<p>&nbsp;<\/p>\n","protected":false},"excerpt":{"rendered":"<p>Se implement\u00f3 desde las primeras horas de la ma\u00f1ana un corredor sanitario entre el aeropuerto y la entrada principal del hospital San Bernardo, con cuatro ambulancias para los equipos m\u00e9dicos ablacionistas. <\/p>\n","protected":false},"author":1,"featured_media":193724,"comment_status":"closed","ping_status":"closed","sticky":false,"template":"","format":"standard","meta":{"footnotes":""},"categories":[245],"tags":[192],"class_list":{"0":"post-193723","1":"post","2":"type-post","3":"status-publish","4":"format-standard","5":"has-post-thumbnail","7":"category-salta","8":"tag-operativo-de-ablacion"},"_links":{"self":[{"href":"https:\/\/saltavecinal.com\/index.php\/wp-json\/wp\/v2\/posts\/193723"}],"collection":[{"href":"https:\/\/saltavecinal.com\/index.php\/wp-json\/wp\/v2\/posts"}],"about":[{"href":"https:\/\/saltavecinal.com\/index.php\/wp-json\/wp\/v2\/types\/post"}],"author":[{"embeddable":true,"href":"https:\/\/saltavecinal.com\/index.php\/wp-json\/wp\/v2\/users\/1"}],"replies":[{"embeddable":true,"href":"https:\/\/saltavecinal.com\/index.php\/wp-json\/wp\/v2\/comments?post=193723"}],"version-history":[{"count":1,"href":"https:\/\/saltavecinal.com\/index.php\/wp-json\/wp\/v2\/posts\/193723\/revisions"}],"predecessor-version":[{"id":233747,"href":"https:\/\/saltavecinal.com\/index.php\/wp-json\/wp\/v2\/posts\/193723\/revisions\/233747"}],"wp:featuredmedia":[{"embeddable":true,"href":"https:\/\/saltavecinal.com\/index.php\/wp-json\/"}],"wp:attachment":[{"href":"https:\/\/saltavecinal.com\/index.php\/wp-json\/wp\/v2\/media?parent=193723"}],"wp:term":[{"taxonomy":"category","embeddable":true,"href":"https:\/\/saltavecinal.com\/index.php\/wp-json\/wp\/v2\/categories?post=193723"},{"taxonomy":"post_tag","embeddable":true,"href":"https:\/\/saltavecinal.com\/index.php\/wp-json\/wp\/v2\/tags?post=193723"}],"curies":[{"name":"wp","href":"https:\/\/api.w.org\/{rel}","templated":true}]}}