{"id":193760,"date":"2023-04-11T18:30:34","date_gmt":"2023-04-11T21:30:34","guid":{"rendered":"https:\/\/prensa.municipalidadsalta.gob.ar\/?p=193760"},"modified":"2023-05-03T18:01:38","modified_gmt":"2023-05-03T18:01:38","slug":"la-municipalidad-conmemoro-el-dia-mundial-del-parkinson","status":"publish","type":"post","link":"https:\/\/saltavecinal.com\/index.php\/2023\/04\/11\/la-municipalidad-conmemoro-el-dia-mundial-del-parkinson\/","title":{"rendered":"La Municipalidad conmemor\u00f3 el D\u00eda Mundial del Parkinson"},"content":{"rendered":"<p><span style=\"font-weight: 400\">En el marco del D\u00eda Mundial del Parkinson, la Municipalidad a trav\u00e9s de la Secretar\u00eda de Deportes y Juventud junto a la Asociaci\u00f3n de Enfermos con Parkinson de Salta brindaron una charla abierta a la comunidad.<\/span><span style=\"font-weight: 400\">\u00a0<\/span><\/p>\n<p><span style=\"font-weight: 400\">La actividad se desarroll\u00f3 en el natatorio Juan Domingo Per\u00f3n con el objetivo de concientizar a los pacientes, familiares, cuidadores domiciliarios y al p\u00fablico en general sobre la enfermedad.\u00a0\u00a0<\/span><\/p>\n<p><span style=\"font-weight: 400\">Zulema Valdiviezo, profesora de educaci\u00f3n f\u00edsica brind\u00f3 una charla con juegos did\u00e1cticos y ejercicios adaptados para que los pacientes lo puedan hacer en compa\u00f1\u00eda de los familiares y acompa\u00f1antes terap\u00e9uticos.\u00a0\u00a0<\/span><\/p>\n<p><span style=\"font-weight: 400\">Los vecinos que deseen sumarse y conocer las actividades de la Municipalidad y la Asociaci\u00f3n podr\u00e1n acercarse los martes y jueves a las 9:30 en Av. Belgrano 870 (Pesao Gym) o bien llamar al 3875127314. Tambi\u00e9n se pueden contactar v\u00eda Facebook: Asociaci\u00f3n de Enfermos de Parkinson Salta.\u00a0<\/span><\/p>\n<p><span style=\"font-weight: 400\">\u00a0<\/span><\/p>\n<p><b>Sobre la enfermedad\u00a0<\/b><\/p>\n<p><span style=\"font-weight: 400\">La Organizaci\u00f3n Mundial de la Salud, estableci\u00f3 desde 1997, que cada 11 de abril se conmemora el D\u00eda Mundial de la Enfermedad de Parkinson en conmemoraci\u00f3n a James Parkinson.\u00a0<\/span><\/p>\n<p><span style=\"font-weight: 400\">Se trata de una enfermedad neurodegenerativa, de curso cr\u00f3nico y progresivo, con afectaci\u00f3n multisist\u00e9mica, tanto a nivel del sistema nervioso central como perif\u00e9rico, lo que provoca la aparici\u00f3n de s\u00edntomas motores y no motores.\u00a0<\/span><\/p>\n<p><span style=\"font-weight: 400\">La Enfermedad de Parkinson fue descrita y caracterizada hace m\u00e1s de 200 a\u00f1os; sin embargo, al d\u00eda de hoy no existe un f\u00e1rmaco capaz de detener el proceso de muerte neuronal, solamente est\u00e1n disponibles los de car\u00e1cter paliativo que act\u00faan aliviando los s\u00edntomas de la enfermedad.\u00a0<\/span><\/p>\n<p><iframe loading=\"lazy\" title=\"La Municipalidad conmemor\u00f3 el D\u00eda Mundial del Parkinson\" width=\"696\" height=\"392\" src=\"https:\/\/www.youtube.com\/embed\/oItm0IF7ZeU?feature=oembed\" frameborder=\"0\" allow=\"accelerometer; autoplay; clipboard-write; encrypted-media; gyroscope; picture-in-picture; web-share\" allowfullscreen><\/iframe><\/p>\n<p><img loading=\"lazy\" decoding=\"async\" class=\"alignnone size-full wp-image-193763\" src=\"https:\/\/prensa.municipalidadsalta.gob.ar\/wp-content\/uploads\/2023\/04\/dia-mundial-del-parkinson-2.jpeg\" alt=\"\" width=\"1599\" height=\"1066\" \/><\/p>\n<p><img loading=\"lazy\" decoding=\"async\" class=\"alignnone size-full wp-image-193761\" src=\"https:\/\/prensa.municipalidadsalta.gob.ar\/wp-content\/uploads\/2023\/04\/dia-mundial-del-parkinson-act.jpeg\" alt=\"\" width=\"1599\" height=\"1066\" \/> <img loading=\"lazy\" decoding=\"async\" class=\"alignnone size-full wp-image-193764\" src=\"https:\/\/prensa.municipalidadsalta.gob.ar\/wp-content\/uploads\/2023\/04\/act-dia-mundial-del-parkinson-3.jpeg\" alt=\"\" width=\"1599\" height=\"1066\" \/><\/p>\n","protected":false},"excerpt":{"rendered":"<p>La actividad fue organizada por la Secretar\u00eda de Deportes y Juventud junto a la Asociaci\u00f3n de Enfermos con Parkinson de Salta. Pacientes y p\u00fablico en general abordaron herramientas para mejorar la calidad de vida de los pacientes. <\/p>\n","protected":false},"author":1,"featured_media":193762,"comment_status":"closed","ping_status":"closed","sticky":false,"template":"","format":"standard","meta":{"footnotes":""},"categories":[245],"tags":[200],"class_list":{"0":"post-193760","1":"post","2":"type-post","3":"status-publish","4":"format-standard","5":"has-post-thumbnail","7":"category-salta","8":"tag-dia-mundial-del-parkinson"},"_links":{"self":[{"href":"https:\/\/saltavecinal.com\/index.php\/wp-json\/wp\/v2\/posts\/193760"}],"collection":[{"href":"https:\/\/saltavecinal.com\/index.php\/wp-json\/wp\/v2\/posts"}],"about":[{"href":"https:\/\/saltavecinal.com\/index.php\/wp-json\/wp\/v2\/types\/post"}],"author":[{"embeddable":true,"href":"https:\/\/saltavecinal.com\/index.php\/wp-json\/wp\/v2\/users\/1"}],"replies":[{"embeddable":true,"href":"https:\/\/saltavecinal.com\/index.php\/wp-json\/wp\/v2\/comments?post=193760"}],"version-history":[{"count":1,"href":"https:\/\/saltavecinal.com\/index.php\/wp-json\/wp\/v2\/posts\/193760\/revisions"}],"predecessor-version":[{"id":233743,"href":"https:\/\/saltavecinal.com\/index.php\/wp-json\/wp\/v2\/posts\/193760\/revisions\/233743"}],"wp:featuredmedia":[{"embeddable":true,"href":"https:\/\/saltavecinal.com\/index.php\/wp-json\/"}],"wp:attachment":[{"href":"https:\/\/saltavecinal.com\/index.php\/wp-json\/wp\/v2\/media?parent=193760"}],"wp:term":[{"taxonomy":"category","embeddable":true,"href":"https:\/\/saltavecinal.com\/index.php\/wp-json\/wp\/v2\/categories?post=193760"},{"taxonomy":"post_tag","embeddable":true,"href":"https:\/\/saltavecinal.com\/index.php\/wp-json\/wp\/v2\/tags?post=193760"}],"curies":[{"name":"wp","href":"https:\/\/api.w.org\/{rel}","templated":true}]}}