{"id":193789,"date":"2023-04-12T13:08:27","date_gmt":"2023-04-12T16:08:27","guid":{"rendered":"https:\/\/prensa.municipalidadsalta.gob.ar\/?p=193789"},"modified":"2023-05-03T18:01:33","modified_gmt":"2023-05-03T18:01:33","slug":"se-realizo-el-4to-encuentro-de-presentacion-del-plan-anual-de-seguridad-vial","status":"publish","type":"post","link":"https:\/\/saltavecinal.com\/index.php\/2023\/04\/12\/se-realizo-el-4to-encuentro-de-presentacion-del-plan-anual-de-seguridad-vial\/","title":{"rendered":"Se realiz\u00f3 el 4to encuentro de presentaci\u00f3n del Plan Anual de Seguridad Vial"},"content":{"rendered":"<p>La Municipalidad avanza paulatinamente con las acciones dise\u00f1adas para el presente a\u00f1o destinadas a fortalecer la seguridad vial en la ciudad. En ese marco, se llev\u00f3 a cabo un nuevo encuentro entre autoridades municipales y los integrantes de los distintos juzgados que integran el Tribunal Administrativo de Faltas (TAF).<\/p>\n<p>Al encuentro, realizado en el Sal\u00f3n de Usos M\u00faltiples del Centro C\u00edvico Municipal, asistieron las autoridades de la Secretar\u00eda de Movilidad Ciudadana y los equipos letrados de cada juzgado de faltas. Se destacaron las principales acciones encaradas para disminuir el \u00edndice de siniestralidad vial en el capital focalizadas en el plan de velocidad mediante el sistema de control con c\u00e1maras, que incide notablemente en el cumplimiento de las normas viales en vigencia.<\/p>\n<p>Mediante las exposiciones de los participantes se brindaron detalles de los puntos cr\u00edticos identificados en la ciudad donde se producen siniestros viales y la incidencia del factor humano en colisiones, mientras que se analizaron los sistemas espec\u00edficos para la sanci\u00f3n de infractores, las multas y la labor que se desarrolla desde la justicia municipal.<\/p>\n<p>El presidente del Tribunal Administrativo de Faltas, Justo Herrera, destac\u00f3 el encuentro y sostuvo que \u201ctuvimos una reuni\u00f3n muy positiva ya que la iniciativa planteada para evitar la alta siniestralidad tendr\u00e1 siempre la presencia del Tribunal prestando cooperaci\u00f3n total\u201d.<\/p>\n<p>\u201cHemos manifestado nuestra satisfacci\u00f3n por los controles que se realizan y es necesario remarcar que el sistema de control electr\u00f3nico es muy bueno pero que deben ajustarse detalles relacionados a la sanci\u00f3n\u201d, finaliz\u00f3.<\/p>\n<p>El director de Innovaci\u00f3n de Jefatura de Gabinete, Federico Dada destac\u00f3: \u201cla participaci\u00f3n en pleno de los integrantes del Tribunal de Faltas en este encuentro, que dej\u00f3 resultados muy buenos donde intercambiamos puntos de vista en relaci\u00f3n a las experiencias diarias para fortalecer en materia de prevenci\u00f3n y acci\u00f3n\u201d<\/p>\n<p>Por su parte, el secretario de Movilidad Ciudadana, Gilberto Pereyra, subrayo que \u201cvamos a fortalecer, junto a los jueces de faltas, todas las medidas posibles para bajar los \u00edndices de siniestros viales gestionando el tema de la velocidad para evitar las consecuencias graves que se observan a diario\u201d.<\/p>\n<p>\u201cBuscamos que desde el Tribunal puedan profundizar los conocimientos sobre el sistema de control electr\u00f3nico para las infracciones y comprendan la importancia de esta herramienta esencial para el tr\u00e1nsito de la ciudad\u201d, finaliz\u00f3 el funcionario.<\/p>\n<p>Participaron del encuentro, las juezas de Faltas, Natalia Conde Herrera y Liliana Musa; Carla Ar\u00e9valo del Observatorio Vial de la Ciudad; Fernando Galante, subsecretario de Atenci\u00f3n Ciudadana e Innovaci\u00f3n; Francisco Haro, director de Monitoreo de Movilidad Ciudadana, junto a los equipos t\u00e9cnicos de Movilidad Ciudadana y de Asesor\u00eda Letrada del Tribunal Administrativo de Faltas.<\/p>\n<p>&nbsp;<\/p>\n<div class=\"youtube-embed\" data-video_id=\"fhD_jGDtWQg\"><iframe loading=\"lazy\" title=\"Se realiz\u00f3 el cuarto encuentro de presentaci\u00f3n del Plan Anual de Seguridad Vial\" width=\"696\" height=\"392\" src=\"https:\/\/www.youtube.com\/embed\/fhD_jGDtWQg?feature=oembed&#038;enablejsapi=1\" frameborder=\"0\" allow=\"accelerometer; autoplay; clipboard-write; encrypted-media; gyroscope; picture-in-picture; web-share\" allowfullscreen><\/iframe><\/div>\n<p><img loading=\"lazy\" decoding=\"async\" class=\"alignnone size-full wp-image-193791\" src=\"https:\/\/prensa.municipalidadsalta.gob.ar\/wp-content\/uploads\/2023\/04\/plan-seguridad-vial-4to-encuentro-1.jpg\" alt=\"\" width=\"2048\" height=\"1366\" \/><\/p>\n<p><img loading=\"lazy\" decoding=\"async\" class=\"alignnone size-full wp-image-193792\" src=\"https:\/\/prensa.municipalidadsalta.gob.ar\/wp-content\/uploads\/2023\/04\/plan-seguridad-vial-4to-encuentro-3.jpg\" alt=\"\" width=\"2048\" height=\"1366\" \/><\/p>\n<p><img loading=\"lazy\" decoding=\"async\" class=\"alignnone size-full wp-image-193793\" src=\"https:\/\/prensa.municipalidadsalta.gob.ar\/wp-content\/uploads\/2023\/04\/plan-seguridad-vial-4to-encuentro-2.jpg\" alt=\"\" width=\"2048\" height=\"1366\" \/><\/p>\n<p><img loading=\"lazy\" decoding=\"async\" class=\"alignnone size-full wp-image-193794\" src=\"https:\/\/prensa.municipalidadsalta.gob.ar\/wp-content\/uploads\/2023\/04\/plan-seguridad-vial-4to-encuentro-4.jpg\" alt=\"\" width=\"2048\" height=\"1421\" \/><\/p>\n","protected":false},"excerpt":{"rendered":"<p>Participaron los integrantes del Tribunal Administrativo de Faltas junto a los equipos letrados, avanzando en temas para el fortalecimiento del trabajo junto al Ejecutivo Municipal.<\/p>\n","protected":false},"author":1,"featured_media":193790,"comment_status":"closed","ping_status":"closed","sticky":false,"template":"","format":"standard","meta":{"footnotes":""},"categories":[245],"tags":[210,211,52],"class_list":{"0":"post-193789","1":"post","2":"type-post","3":"status-publish","4":"format-standard","5":"has-post-thumbnail","7":"category-salta","8":"tag-multas","9":"tag-plan-de-seguridad-vial","10":"tag-seguridad-vial"},"_links":{"self":[{"href":"https:\/\/saltavecinal.com\/index.php\/wp-json\/wp\/v2\/posts\/193789"}],"collection":[{"href":"https:\/\/saltavecinal.com\/index.php\/wp-json\/wp\/v2\/posts"}],"about":[{"href":"https:\/\/saltavecinal.com\/index.php\/wp-json\/wp\/v2\/types\/post"}],"author":[{"embeddable":true,"href":"https:\/\/saltavecinal.com\/index.php\/wp-json\/wp\/v2\/users\/1"}],"replies":[{"embeddable":true,"href":"https:\/\/saltavecinal.com\/index.php\/wp-json\/wp\/v2\/comments?post=193789"}],"version-history":[{"count":1,"href":"https:\/\/saltavecinal.com\/index.php\/wp-json\/wp\/v2\/posts\/193789\/revisions"}],"predecessor-version":[{"id":233739,"href":"https:\/\/saltavecinal.com\/index.php\/wp-json\/wp\/v2\/posts\/193789\/revisions\/233739"}],"wp:featuredmedia":[{"embeddable":true,"href":"https:\/\/saltavecinal.com\/index.php\/wp-json\/"}],"wp:attachment":[{"href":"https:\/\/saltavecinal.com\/index.php\/wp-json\/wp\/v2\/media?parent=193789"}],"wp:term":[{"taxonomy":"category","embeddable":true,"href":"https:\/\/saltavecinal.com\/index.php\/wp-json\/wp\/v2\/categories?post=193789"},{"taxonomy":"post_tag","embeddable":true,"href":"https:\/\/saltavecinal.com\/index.php\/wp-json\/wp\/v2\/tags?post=193789"}],"curies":[{"name":"wp","href":"https:\/\/api.w.org\/{rel}","templated":true}]}}