{"id":193842,"date":"2023-04-12T18:00:40","date_gmt":"2023-04-12T21:00:40","guid":{"rendered":"https:\/\/prensa.municipalidadsalta.gob.ar\/?p=193842"},"modified":"2023-05-03T18:01:24","modified_gmt":"2023-05-03T18:01:24","slug":"escuela-de-natacion-municipal-el-personal-se-capacito-en-tecnicas-de-rehabilitacion-en-el-agua","status":"publish","type":"post","link":"https:\/\/saltavecinal.com\/index.php\/2023\/04\/12\/escuela-de-natacion-municipal-el-personal-se-capacito-en-tecnicas-de-rehabilitacion-en-el-agua\/","title":{"rendered":"Escuela de Nataci\u00f3n municipal: el personal se capacit\u00f3 en t\u00e9cnicas de rehabilitaci\u00f3n en el agua"},"content":{"rendered":"<p><span style=\"font-weight: 400\">Luego de la exitosa temporada de verano 2022\/23 que tuvo la Municipalidad en los diferentes natatorios municipales, la Secretar\u00eda de Deportes y Juventud realiz\u00f3 una capacitaci\u00f3n con los guardavidas y profesores de la escuela de nataci\u00f3n municipal que se desempe\u00f1an en el Natatorio Juan Domingo Per\u00f3n.<\/span><\/p>\n<p><span style=\"font-weight: 400\">Durante una jornada intensiva, el reconocido especialista en medicina deportiva, Mauricio Medrano visit\u00f3 Salta para abordar el entrenamiento y rehabilitaci\u00f3n en el agua.<\/span><\/p>\n<p><span style=\"font-weight: 400\">Con la capacitaci\u00f3n te\u00f3rica y pr\u00e1ctica, los guardavidas realizaron ejercicios de simulaci\u00f3n para atender a personas con patolog\u00edas cr\u00f3nicas o agudas traumatol\u00f3gicas, como esguinces, fracturas, post quir\u00fargicos, obesidad y otros.<\/span><\/p>\n<p><span style=\"font-weight: 400\">Fernanda Ten, Directora de Deportes Paral\u00edmpicos de la Municipalidad, explic\u00f3 que la formaci\u00f3n de los espacios deportivos es uno de los ejes fundamentales de la gesti\u00f3n de Bettina Romero. \u201cEsta iniciativa permite profesionalizar el trabajo de los guardavidas dentro y fuera del espejo de agua. Tenemos una pileta climatizada, no solo vemos a la nataci\u00f3n como un deporte, tambi\u00e9n pensamos en la rehabilitaci\u00f3n para quien lo necesite\u201d, expres\u00f3.<\/span><\/p>\n<p><span style=\"font-weight: 400\">Por su parte, Mauricio Medrano profesional a cargo destac\u00f3 como positivo incluir en la pileta a las personas con discapacidad y a quienes necesitan la rehabilitaci\u00f3n dentro del agua.<\/span><\/p>\n<p><span style=\"font-weight: 400\">\u201cLa medicina del deporte permite saber qu\u00e9 patolog\u00eda tiene la persona y que gasto energ\u00e9tico puede tener seg\u00fan el estado f\u00edsico del paciente. Por eso capacitamos para que los instructores y guardavidas sepan qu\u00e9 situaci\u00f3n pueden tener dentro del agua y qu\u00e9 ejercicios son los aconsejables para cada nivel seg\u00fan la patolog\u00eda\u201d, concluy\u00f3 Medrano.<\/span><\/p>\n<p><span style=\"font-weight: 400\">De esta manera, la Municipalidad contin\u00faa con las acciones de formaci\u00f3n y capacitaci\u00f3n de calidad a su personal para brindar un servicio de calidad para todos los vecinos. <\/span><\/p>\n<p><img loading=\"lazy\" decoding=\"async\" class=\"alignnone size-full wp-image-193844\" src=\"https:\/\/prensa.municipalidadsalta.gob.ar\/wp-content\/uploads\/2023\/04\/capa-esc-de-natacion.jpeg\" alt=\"\" width=\"1300\" height=\"867\" \/><\/p>\n<p><img loading=\"lazy\" decoding=\"async\" class=\"alignnone size-full wp-image-193845\" src=\"https:\/\/prensa.municipalidadsalta.gob.ar\/wp-content\/uploads\/2023\/04\/pileta-de-natacion-natatorio-peron.jpeg\" alt=\"\" width=\"1280\" height=\"720\" \/><\/p>\n","protected":false},"excerpt":{"rendered":"<p>La actividad fue en el natatorio Juan Domingo Per\u00f3n, con un m\u00e9dico especialista en la materia. Aprendieron ejercicios para el manejo de patolog\u00edas traumatol\u00f3gicas, obesidad, enfermedades y otros. El objetivo es profesionalizar los espacios deportivos municipales acercando el mejor servicio a los vecinos.<\/p>\n","protected":false},"author":1,"featured_media":193843,"comment_status":"closed","ping_status":"closed","sticky":false,"template":"","format":"standard","meta":{"footnotes":""},"categories":[245],"tags":[222],"class_list":{"0":"post-193842","1":"post","2":"type-post","3":"status-publish","4":"format-standard","5":"has-post-thumbnail","7":"category-salta","8":"tag-escuela-de-natacion"},"_links":{"self":[{"href":"https:\/\/saltavecinal.com\/index.php\/wp-json\/wp\/v2\/posts\/193842"}],"collection":[{"href":"https:\/\/saltavecinal.com\/index.php\/wp-json\/wp\/v2\/posts"}],"about":[{"href":"https:\/\/saltavecinal.com\/index.php\/wp-json\/wp\/v2\/types\/post"}],"author":[{"embeddable":true,"href":"https:\/\/saltavecinal.com\/index.php\/wp-json\/wp\/v2\/users\/1"}],"replies":[{"embeddable":true,"href":"https:\/\/saltavecinal.com\/index.php\/wp-json\/wp\/v2\/comments?post=193842"}],"version-history":[{"count":1,"href":"https:\/\/saltavecinal.com\/index.php\/wp-json\/wp\/v2\/posts\/193842\/revisions"}],"predecessor-version":[{"id":233732,"href":"https:\/\/saltavecinal.com\/index.php\/wp-json\/wp\/v2\/posts\/193842\/revisions\/233732"}],"wp:featuredmedia":[{"embeddable":true,"href":"https:\/\/saltavecinal.com\/index.php\/wp-json\/"}],"wp:attachment":[{"href":"https:\/\/saltavecinal.com\/index.php\/wp-json\/wp\/v2\/media?parent=193842"}],"wp:term":[{"taxonomy":"category","embeddable":true,"href":"https:\/\/saltavecinal.com\/index.php\/wp-json\/wp\/v2\/categories?post=193842"},{"taxonomy":"post_tag","embeddable":true,"href":"https:\/\/saltavecinal.com\/index.php\/wp-json\/wp\/v2\/tags?post=193842"}],"curies":[{"name":"wp","href":"https:\/\/api.w.org\/{rel}","templated":true}]}}