{"id":193949,"date":"2023-04-13T22:58:23","date_gmt":"2023-04-14T01:58:23","guid":{"rendered":"https:\/\/prensa.municipalidadsalta.gob.ar\/?p=193949"},"modified":"2023-05-03T19:26:13","modified_gmt":"2023-05-03T19:26:13","slug":"inauguraron-viviendas-y-un-centro-de-dia-para-adultos-mayores-en-el-barrio-pereyra-rozas","status":"publish","type":"post","link":"https:\/\/saltavecinal.com\/index.php\/2023\/04\/13\/inauguraron-viviendas-y-un-centro-de-dia-para-adultos-mayores-en-el-barrio-pereyra-rozas\/","title":{"rendered":"Inauguraron viviendas y un centro de d\u00eda para adultos mayores en el B\u00b0 Pereyra Rozas"},"content":{"rendered":"<p>La intendenta, Bettina Romero, junto al gobernador, Gustavo S\u00e1enz, particip\u00f3 del acto oficial de inauguraci\u00f3n de 32 viviendas y un centro de d\u00eda para personas mayores en el barrio Pereyra Rozas, en la zona norte de la ciudad. Se trata del segundo de la provincia y el tercero del pa\u00eds.<\/p>\n<p>\u00abEs muy importante acompa\u00f1ar a nuestros adultos mayores y sobre todo garantizarles el acceso a un derecho b\u00e1sico como es la vivienda. Adem\u00e1s, de apoyarlos como un sector activo y participativo de la sociedad\u00bb, destac\u00f3 la Intendenta.<\/p>\n<p>En tanto, el gobernador expres\u00f3: \u201cEs un orgullo poder decir que de los tres complejos de Casa Activa inaugurados, dos est\u00e1n en Salta, teniendo en cuenta que se asignaron dos por provincia\u201d.<\/p>\n<p>Elena Mendoza, en representaci\u00f3n de los adultos mayores, dijo: \u201cAgradecemos en nombre de todas las personas mayores. Estoy muy emocionada, porque esto es, realmente ocuparse de nosotros\u201d.<\/p>\n<p>Por su parte, Juan Carlos Villamayor, secretario de Adultos Mayores de la provincia, resalt\u00f3 la acci\u00f3n como el resultado de la toma de conciencia etaria en donde ellos son protagonistas y valorados.<\/p>\n<p>Estuvo presente el ministro de Desarrollo Territorial y H\u00e1bitat de la Naci\u00f3n, Santiago Manggiotti; el vicegobernador de la provincia, Antonio Marocco. Tambi\u00e9n, los legisladores mandato cumplido, Guillermo Duran Cornejo y Andr\u00e9s Suriani.<\/p>\n","protected":false},"excerpt":{"rendered":"<p>La intendenta, Bettina Romero, acompa\u00f1\u00f3 al gobernador, Gustavo S\u00e1enz, en la inauguraci\u00f3n de estas obras destinadas a mejorar la calidad de vida de este sector de la sociedad.<\/p>\n","protected":false},"author":1,"featured_media":193950,"comment_status":"closed","ping_status":"closed","sticky":false,"template":"","format":"standard","meta":{"footnotes":""},"categories":[247,245],"tags":[101],"class_list":{"0":"post-193949","1":"post","2":"type-post","3":"status-publish","4":"format-standard","5":"has-post-thumbnail","7":"category-metropolitana","8":"category-salta","9":"tag-adultos-mayores"},"_links":{"self":[{"href":"https:\/\/saltavecinal.com\/index.php\/wp-json\/wp\/v2\/posts\/193949"}],"collection":[{"href":"https:\/\/saltavecinal.com\/index.php\/wp-json\/wp\/v2\/posts"}],"about":[{"href":"https:\/\/saltavecinal.com\/index.php\/wp-json\/wp\/v2\/types\/post"}],"author":[{"embeddable":true,"href":"https:\/\/saltavecinal.com\/index.php\/wp-json\/wp\/v2\/users\/1"}],"replies":[{"embeddable":true,"href":"https:\/\/saltavecinal.com\/index.php\/wp-json\/wp\/v2\/comments?post=193949"}],"version-history":[{"count":1,"href":"https:\/\/saltavecinal.com\/index.php\/wp-json\/wp\/v2\/posts\/193949\/revisions"}],"predecessor-version":[{"id":233719,"href":"https:\/\/saltavecinal.com\/index.php\/wp-json\/wp\/v2\/posts\/193949\/revisions\/233719"}],"wp:featuredmedia":[{"embeddable":true,"href":"https:\/\/saltavecinal.com\/index.php\/wp-json\/"}],"wp:attachment":[{"href":"https:\/\/saltavecinal.com\/index.php\/wp-json\/wp\/v2\/media?parent=193949"}],"wp:term":[{"taxonomy":"category","embeddable":true,"href":"https:\/\/saltavecinal.com\/index.php\/wp-json\/wp\/v2\/categories?post=193949"},{"taxonomy":"post_tag","embeddable":true,"href":"https:\/\/saltavecinal.com\/index.php\/wp-json\/wp\/v2\/tags?post=193949"}],"curies":[{"name":"wp","href":"https:\/\/api.w.org\/{rel}","templated":true}]}}