{"id":193954,"date":"2023-04-14T09:20:03","date_gmt":"2023-04-14T12:20:03","guid":{"rendered":"https:\/\/prensa.municipalidadsalta.gob.ar\/?p=193954"},"modified":"2023-05-03T19:26:13","modified_gmt":"2023-05-03T19:26:13","slug":"cortes-y-despejes-por-los-actos-por-el-441-aniversario-de-la-fundacion-de-salta","status":"publish","type":"post","link":"https:\/\/saltavecinal.com\/index.php\/2023\/04\/14\/cortes-y-despejes-por-los-actos-por-el-441-aniversario-de-la-fundacion-de-salta\/","title":{"rendered":"Cortes y despejes por los actos por el 441\u00b0 aniversario de la fundaci\u00f3n de Salta"},"content":{"rendered":"<p>La Municipalidad implementar\u00e1 dispositivos especiales de circulaci\u00f3n vehicular en las cercan\u00edas de la Legislatura provincial y plaza 9 de Julio para la realizaci\u00f3n de los actos protocolares programados por el 441\u00b0 aniversario de la Fundaci\u00f3n de la ciudad de Salta.<\/p>\n<p>Desde las 7 se proceder\u00e1 a la puesta en marcha del dispositivo en plaza 9 de Julio, donde se desplegar\u00e1 un operativo de despeje vehicular. Para el inicio de la jornada conmemorativa se prev\u00e9n cortes de calles en:<\/p>\n<p>-Espa\u00f1a y Zuvir\u00eda<\/p>\n<p>-Zuvir\u00eda y Mitre<\/p>\n<p>&nbsp;<\/p>\n<p>En el Cabildo Hist\u00f3rico se proceder\u00e1 a la concentraci\u00f3n de autoridades e invitados, para luego dirigirse al sector m\u00e1stiles de la plaza 9 de Julio, donde se realizar\u00e1 el izamiento de los pabellones nacional y provincial, para luego trasladarse a los palcos que estar\u00e1n ubicados en la Legislatura sobre calle Mitre.<\/p>\n<p>Las autoridades de la Secretar\u00eda de Movilidad Ciudadana diagramaron el dispositivo destinado a la realizaci\u00f3n del desfile c\u00edvico-militar, del que participar\u00e1n comitivas escolares, instituciones de la comunidad, fuerzas de seguridad, militares y fortines gauchos, entre otros. El operativo se desplegar\u00e1 por calle Mitre de acuerdo al siguiente orden:<\/p>\n<p>Horario de inicio despeje vehicular: a las 6 AM<\/p>\n<p>-Mitre desde Entre R\u00edos a General G\u00fcemes<\/p>\n<p>-Leguizam\u00f3n desde Zuvir\u00eda a Mitre<\/p>\n<p>-Leguizam\u00f3n desde Mitre a Balcarce<\/p>\n<p>-Santiago del Estero desde Mitre a Balcarce<\/p>\n<p>-Santiago del Estero desde Balcarce a 20 de Febrero<\/p>\n<p>-Balcarce desde Santiago del Estero hasta Avenida Entre R\u00edos<\/p>\n<p>&nbsp;<\/p>\n<p>Desde las 8 se proceder\u00e1 a los siguientes cortes totales y desv\u00edos vehiculares para el desarrollo de los actos de acuerdo a los siguientes puntos:<\/p>\n<p>-Mitre y Avenida Entre R\u00edos<\/p>\n<p>-Rivadavia y 20 de Febrero<\/p>\n<p>-Leguizam\u00f3n y Zuvir\u00eda<\/p>\n<p>-Santiago del Estero y 20 de Febrero<\/p>\n<p>-Santiago del Estero y 25 de Mayo<\/p>\n<p>-Balcarce y General G\u00fcemes<\/p>\n<p>-Pasaje Castro y Gral. G\u00fcemes<\/p>\n<p>&nbsp;<\/p>\n<p>En todos los casos se mantendr\u00e1n los cortes y restricciones de circulaci\u00f3n hasta la desconcentraci\u00f3n total de quienes participar\u00e1n del acto central y el despeje total en las zonas afectadas.<\/p>\n<p>En ese sentido, se dispuso habilitar arterias para facilitar el desplazamiento peatonal y vehicular con reducci\u00f3n de velocidad en los siguientes sectores:<\/p>\n<p>-Avenida Entre R\u00edos y Zuvir\u00eda sentido este- oeste<\/p>\n<p>-Avenida Entre R\u00edos y 20 de Febrero sentido oeste- este<\/p>\n<p>-Avenida Entre R\u00edos y Balcarce sentido oeste- este<\/p>\n<p>&nbsp;<\/p>\n<p>Se recomienda evitar las zonas afectadas, utilizar v\u00edas alternativas al desplazamiento vehicular y atender las indicaciones del personal uniformado.<\/p>\n<p>&nbsp;<\/p>\n<p><img loading=\"lazy\" decoding=\"async\" class=\"alignnone size-full wp-image-193956\" src=\"https:\/\/prensa.municipalidadsalta.gob.ar\/wp-content\/uploads\/2023\/04\/corte-belgrano-y-dean-funes-1-scaled.jpeg\" alt=\"\" width=\"2560\" height=\"1440\" \/><\/p>\n<p><img loading=\"lazy\" decoding=\"async\" class=\"alignnone size-full wp-image-175992\" src=\"https:\/\/prensa.municipalidadsalta.gob.ar\/wp-content\/uploads\/2022\/04\/colectividades-extranjeras-9.jpg\" alt=\"\" width=\"2048\" height=\"1365\" \/><\/p>\n<p><img loading=\"lazy\" decoding=\"async\" class=\"alignnone size-full wp-image-175798\" src=\"https:\/\/prensa.municipalidadsalta.gob.ar\/wp-content\/uploads\/2022\/04\/acto-fundacion-salta.jpg\" alt=\"\" width=\"1488\" height=\"992\" \/><\/p>\n<p><img loading=\"lazy\" decoding=\"async\" class=\"alignnone size-full wp-image-183685\" src=\"https:\/\/prensa.municipalidadsalta.gob.ar\/wp-content\/uploads\/2022\/09\/control-vehicular-b.jpg\" alt=\"\" width=\"2048\" height=\"1366\" \/><\/p>\n<p>&nbsp;<\/p>\n<p>&nbsp;<\/p>\n","protected":false},"excerpt":{"rendered":"<p>El domingo 16, a partir de las 6 de la ma\u00f1ana, la Municipalidad implementar\u00e1 los dispositivos en las inmediaciones de la Legislatura provincial y desde las 7 en la plaza 9 de Julio.<\/p>\n","protected":false},"author":1,"featured_media":193955,"comment_status":"closed","ping_status":"closed","sticky":false,"template":"","format":"standard","meta":{"footnotes":""},"categories":[247,245],"tags":[90,223,126],"class_list":{"0":"post-193954","1":"post","2":"type-post","3":"status-publish","4":"format-standard","5":"has-post-thumbnail","7":"category-metropolitana","8":"category-salta","9":"tag-acto-en-conmemoracion","10":"tag-aniversario-fundacion-de-salta","11":"tag-operativo-de-transito"},"_links":{"self":[{"href":"https:\/\/saltavecinal.com\/index.php\/wp-json\/wp\/v2\/posts\/193954"}],"collection":[{"href":"https:\/\/saltavecinal.com\/index.php\/wp-json\/wp\/v2\/posts"}],"about":[{"href":"https:\/\/saltavecinal.com\/index.php\/wp-json\/wp\/v2\/types\/post"}],"author":[{"embeddable":true,"href":"https:\/\/saltavecinal.com\/index.php\/wp-json\/wp\/v2\/users\/1"}],"replies":[{"embeddable":true,"href":"https:\/\/saltavecinal.com\/index.php\/wp-json\/wp\/v2\/comments?post=193954"}],"version-history":[{"count":1,"href":"https:\/\/saltavecinal.com\/index.php\/wp-json\/wp\/v2\/posts\/193954\/revisions"}],"predecessor-version":[{"id":233718,"href":"https:\/\/saltavecinal.com\/index.php\/wp-json\/wp\/v2\/posts\/193954\/revisions\/233718"}],"wp:featuredmedia":[{"embeddable":true,"href":"https:\/\/saltavecinal.com\/index.php\/wp-json\/"}],"wp:attachment":[{"href":"https:\/\/saltavecinal.com\/index.php\/wp-json\/wp\/v2\/media?parent=193954"}],"wp:term":[{"taxonomy":"category","embeddable":true,"href":"https:\/\/saltavecinal.com\/index.php\/wp-json\/wp\/v2\/categories?post=193954"},{"taxonomy":"post_tag","embeddable":true,"href":"https:\/\/saltavecinal.com\/index.php\/wp-json\/wp\/v2\/tags?post=193954"}],"curies":[{"name":"wp","href":"https:\/\/api.w.org\/{rel}","templated":true}]}}