{"id":193965,"date":"2023-04-14T13:59:51","date_gmt":"2023-04-14T16:59:51","guid":{"rendered":"https:\/\/prensa.municipalidadsalta.gob.ar\/?p=193965"},"modified":"2023-05-03T18:01:06","modified_gmt":"2023-05-03T18:01:06","slug":"la-municipalidad-realizo-una-exitosa-jornada-de-castracion-masiva-en-zona-sur","status":"publish","type":"post","link":"https:\/\/saltavecinal.com\/index.php\/2023\/04\/14\/la-municipalidad-realizo-una-exitosa-jornada-de-castracion-masiva-en-zona-sur\/","title":{"rendered":"La Municipalidad realiz\u00f3 una exitosa jornada de castraci\u00f3n masiva en zona sur\u00a0"},"content":{"rendered":"<p>La Municipalidad, con el apoyo de voluntarios, realiz\u00f3 una jornada especial de castraci\u00f3n y vacunaci\u00f3n antirr\u00e1bica en las instalaciones del Centro Integrador Comunitario (CIC) del barrio Limache. La actividad tuvo como finalidad responder a la alta demanda de los servicios gratuitos fortaleciendo la responsabilidad en el cuidado responsable de los animales de compa\u00f1\u00eda.<\/p>\n<p>En el lugar se dispuso de unas de las amplias salas del edificio para recibir a los vecinos, a quienes se brind\u00f3 orientaci\u00f3n y concientizaci\u00f3n sobre atenciones veterinarias. En otro de los sectores se procedi\u00f3 a la instalaci\u00f3n de equipamiento quir\u00fargico, luces y dispositivos necesarios para realizar las intervenciones de castraciones.<\/p>\n<p>Seg\u00fan se inform\u00f3, en la jornada, m\u00e1s de 200 animales de compa\u00f1\u00eda fueron castrados y otros 250 recibieron su dosis antirr\u00e1bica.<\/p>\n<p>El subsecretario de Bienestar Animal, m\u00e9dico veterinario Luciano Simkin, destac\u00f3 que \u201cen la gesti\u00f3n de la intendenta Bettina Romero estamos en forma permanente diagramando todas las acciones posibles para llegar con las respuestas necesarias a los vecinos de la ciudad\u201d enfatiz\u00f3 el funcionario.<\/p>\n<p>\u201cPara esta jornada destacamos la valiosa colaboraci\u00f3n de las autoridades de este lugar y de la comunidad que particip\u00f3 en forma masiva, cumpliendo con lo que significa el cuidado responsable de nuestros animales de compa\u00f1\u00eda\u201d finaliz\u00f3.<\/p>\n<p>Se recuerda a los vecinos que tambi\u00e9n pueden dirigirse a los distintos dispositivos que dependen de la Subsecretar\u00eda de Bienestar Animal donde podr\u00e1n acceder al servicio de vacunaci\u00f3n contra la rabia en forma gratuita, por orden de llegada sin necesidad de gestionar turnos para este servicio. Y para las castraciones deben hacerlo mediante turno programado que se solicita, \u00fanicamente en forma presencial, los d\u00edas viernes con DNI en mano para un animal de compa\u00f1\u00eda por persona.<\/p>\n<p>&nbsp;<\/p>\n<div class=\"youtube-embed\" data-video_id=\"1P4roE8lxX8\"><iframe loading=\"lazy\" title=\"La Municipalidad realiz\u00f3 una exitosa jornada de castraci\u00f3n masiva en zona sur\" width=\"696\" height=\"392\" src=\"https:\/\/www.youtube.com\/embed\/1P4roE8lxX8?feature=oembed&#038;enablejsapi=1\" frameborder=\"0\" allow=\"accelerometer; autoplay; clipboard-write; encrypted-media; gyroscope; picture-in-picture; web-share\" allowfullscreen><\/iframe><\/div>\n<p><img loading=\"lazy\" decoding=\"async\" class=\"alignnone size-full wp-image-193967\" src=\"https:\/\/prensa.municipalidadsalta.gob.ar\/wp-content\/uploads\/2023\/04\/jornada-castracion-masiva-limache-1.jpg\" alt=\"\" width=\"1280\" height=\"853\" \/><\/p>\n<p><img loading=\"lazy\" decoding=\"async\" class=\"alignnone size-full wp-image-193968\" src=\"https:\/\/prensa.municipalidadsalta.gob.ar\/wp-content\/uploads\/2023\/04\/jornada-de-castracion-masiva-limache-5.jpg\" alt=\"\" width=\"1280\" height=\"853\" \/><\/p>\n<p><img loading=\"lazy\" decoding=\"async\" class=\"alignnone size-full wp-image-193969\" src=\"https:\/\/prensa.municipalidadsalta.gob.ar\/wp-content\/uploads\/2023\/04\/jornada-castracion-masiva-limache-2.jpg\" alt=\"\" width=\"1280\" height=\"853\" \/><\/p>\n","protected":false},"excerpt":{"rendered":"<p>M\u00e1s de 200 animales de compa\u00f1\u00eda fueron castrados y otros 250 recibieron su dosis antirr\u00e1bica. Las tareas se concretaron en el Centro Integrador Comunitario de Limache.<\/p>\n","protected":false},"author":1,"featured_media":193966,"comment_status":"closed","ping_status":"closed","sticky":false,"template":"","format":"standard","meta":{"footnotes":""},"categories":[245],"tags":[115,180,143],"class_list":{"0":"post-193965","1":"post","2":"type-post","3":"status-publish","4":"format-standard","5":"has-post-thumbnail","7":"category-salta","8":"tag-castracion-y-vacunacion-antirrabica","9":"tag-castraciones-masivas","10":"tag-cic-de-limache"},"_links":{"self":[{"href":"https:\/\/saltavecinal.com\/index.php\/wp-json\/wp\/v2\/posts\/193965"}],"collection":[{"href":"https:\/\/saltavecinal.com\/index.php\/wp-json\/wp\/v2\/posts"}],"about":[{"href":"https:\/\/saltavecinal.com\/index.php\/wp-json\/wp\/v2\/types\/post"}],"author":[{"embeddable":true,"href":"https:\/\/saltavecinal.com\/index.php\/wp-json\/wp\/v2\/users\/1"}],"replies":[{"embeddable":true,"href":"https:\/\/saltavecinal.com\/index.php\/wp-json\/wp\/v2\/comments?post=193965"}],"version-history":[{"count":1,"href":"https:\/\/saltavecinal.com\/index.php\/wp-json\/wp\/v2\/posts\/193965\/revisions"}],"predecessor-version":[{"id":233716,"href":"https:\/\/saltavecinal.com\/index.php\/wp-json\/wp\/v2\/posts\/193965\/revisions\/233716"}],"wp:featuredmedia":[{"embeddable":true,"href":"https:\/\/saltavecinal.com\/index.php\/wp-json\/"}],"wp:attachment":[{"href":"https:\/\/saltavecinal.com\/index.php\/wp-json\/wp\/v2\/media?parent=193965"}],"wp:term":[{"taxonomy":"category","embeddable":true,"href":"https:\/\/saltavecinal.com\/index.php\/wp-json\/wp\/v2\/categories?post=193965"},{"taxonomy":"post_tag","embeddable":true,"href":"https:\/\/saltavecinal.com\/index.php\/wp-json\/wp\/v2\/tags?post=193965"}],"curies":[{"name":"wp","href":"https:\/\/api.w.org\/{rel}","templated":true}]}}