{"id":193984,"date":"2023-04-14T14:42:59","date_gmt":"2023-04-14T17:42:59","guid":{"rendered":"https:\/\/prensa.municipalidadsalta.gob.ar\/?p=193984"},"modified":"2023-05-03T18:01:02","modified_gmt":"2023-05-03T18:01:02","slug":"el-municipio-estara-presente-en-la-feria-potencia-emprende-2023","status":"publish","type":"post","link":"https:\/\/saltavecinal.com\/index.php\/2023\/04\/14\/el-municipio-estara-presente-en-la-feria-potencia-emprende-2023\/","title":{"rendered":"El municipio estar\u00e1 presente en la Feria Potencia Emprende 2023"},"content":{"rendered":"<p>La Municipalidad de Salta participar\u00e1 en la Feria Potencia Emprende 2023 que se realizar\u00e1 a partir de hoy viernes 14 y hasta el domingo 16, en el Centro de Convenciones Salta.<\/p>\n<p>Con un stand informativo, la comuna ofrecer\u00e1 asesoramiento sobre habilitaciones simplificadas y los diversos programas del Ente de Desarrollo Econ\u00f3mico para emprendedores. Tambi\u00e9n habr\u00e1 charlas sobre buenas pr\u00e1cticas en la cocina, taller de mantenimiento de bicicletas, entre otros.<\/p>\n<p>En el predio habr\u00e1 m\u00e1s de 500 stands y del evento se estima que participar\u00e1n m\u00e1s de 1.000 emprendedores de diferentes rubros como servicios, indumentaria, gastronom\u00eda, cosm\u00e9tica, etc.<\/p>\n<p>En el lugar, adem\u00e1s, habr\u00e1 espacios de juegos para los m\u00e1s chicos y locales gastron\u00f3micos.<\/p>\n<p>Cronograma:<\/p>\n<p>VIERNES 14<\/p>\n<p>17 A 19 HS.<\/p>\n<p>Taller de mantenimiento r\u00e1pido de Bicicletas<\/p>\n<p>&nbsp;<\/p>\n<p>S\u00c1BADO 15<\/p>\n<p>10 HS.<\/p>\n<p>Foto Producto<\/p>\n<p>&nbsp;<\/p>\n<p>11 HS.<\/p>\n<p>Charla Financiamiento tasa 0 a emprendedores<\/p>\n<p>&nbsp;<\/p>\n<p>14 HS.<\/p>\n<p>Buenas Pr\u00e1cticas en la cocina<\/p>\n<p>&nbsp;<\/p>\n<p>16 HS.<\/p>\n<p>Charla Financiamiento tasa 0 a emprendedores<\/p>\n<p>&nbsp;<\/p>\n<p>17 HS.<\/p>\n<p>Excel para emprendedores<\/p>\n<p>&nbsp;<\/p>\n<p>18 HS<\/p>\n<p>Habilitaci\u00f3n Simplificada<\/p>\n<p>&nbsp;<\/p>\n<p>DOMINGO 16<\/p>\n<p>10 HS.<\/p>\n<p>Foto Producto<\/p>\n<p>&nbsp;<\/p>\n<p>15 HS<\/p>\n<p>Programa Fomentar- Of. De Empleo<\/p>\n<p>&nbsp;<\/p>\n<p>15 HS<\/p>\n<p>Charla Financiamiento tasa 0 a emprendedores<\/p>\n<p>&nbsp;<\/p>\n<p>16 HS<\/p>\n<p>Habilitaci\u00f3n Simplificada<\/p>\n<p>&nbsp;<\/p>\n<p>18 HS<\/p>\n<p>Charla Financiamiento tasa 0 a emprendedores<\/p>\n<p>&nbsp;<\/p>\n<p><img loading=\"lazy\" decoding=\"async\" class=\"alignnone size-full wp-image-193985\" src=\"https:\/\/prensa.municipalidadsalta.gob.ar\/wp-content\/uploads\/2023\/04\/feria-potencia-flyer.jpeg\" alt=\"\" width=\"1080\" height=\"1080\" \/><\/p>\n","protected":false},"excerpt":{"rendered":"<p>Se ofrecer\u00e1 asesoramiento sobre habilitaciones simplificadas y los diversos programas de Desarrollo Econ\u00f3mico para emprendedores. Tambi\u00e9n habr\u00e1 charlas sobre buenas pr\u00e1cticas en la cocina, taller de mantenimiento de bicicletas, entre otros.<\/p>\n","protected":false},"author":1,"featured_media":193987,"comment_status":"closed","ping_status":"closed","sticky":false,"template":"","format":"standard","meta":{"footnotes":""},"categories":[245],"tags":[],"class_list":{"0":"post-193984","1":"post","2":"type-post","3":"status-publish","4":"format-standard","5":"has-post-thumbnail","7":"category-salta"},"_links":{"self":[{"href":"https:\/\/saltavecinal.com\/index.php\/wp-json\/wp\/v2\/posts\/193984"}],"collection":[{"href":"https:\/\/saltavecinal.com\/index.php\/wp-json\/wp\/v2\/posts"}],"about":[{"href":"https:\/\/saltavecinal.com\/index.php\/wp-json\/wp\/v2\/types\/post"}],"author":[{"embeddable":true,"href":"https:\/\/saltavecinal.com\/index.php\/wp-json\/wp\/v2\/users\/1"}],"replies":[{"embeddable":true,"href":"https:\/\/saltavecinal.com\/index.php\/wp-json\/wp\/v2\/comments?post=193984"}],"version-history":[{"count":1,"href":"https:\/\/saltavecinal.com\/index.php\/wp-json\/wp\/v2\/posts\/193984\/revisions"}],"predecessor-version":[{"id":233713,"href":"https:\/\/saltavecinal.com\/index.php\/wp-json\/wp\/v2\/posts\/193984\/revisions\/233713"}],"wp:featuredmedia":[{"embeddable":true,"href":"https:\/\/saltavecinal.com\/index.php\/wp-json\/"}],"wp:attachment":[{"href":"https:\/\/saltavecinal.com\/index.php\/wp-json\/wp\/v2\/media?parent=193984"}],"wp:term":[{"taxonomy":"category","embeddable":true,"href":"https:\/\/saltavecinal.com\/index.php\/wp-json\/wp\/v2\/categories?post=193984"},{"taxonomy":"post_tag","embeddable":true,"href":"https:\/\/saltavecinal.com\/index.php\/wp-json\/wp\/v2\/tags?post=193984"}],"curies":[{"name":"wp","href":"https:\/\/api.w.org\/{rel}","templated":true}]}}