{"id":194818,"date":"2023-05-02T12:39:16","date_gmt":"2023-05-02T15:39:16","guid":{"rendered":"https:\/\/prensa.municipalidadsalta.gob.ar\/?p=194818"},"modified":"2023-05-03T19:26:12","modified_gmt":"2023-05-03T19:26:12","slug":"clasica-1o-de-mayo-100-participantes-en-la-categoria-familiar-organizada-por-el-municipio","status":"publish","type":"post","link":"https:\/\/saltavecinal.com\/index.php\/2023\/05\/02\/clasica-1o-de-mayo-100-participantes-en-la-categoria-familiar-organizada-por-el-municipio\/","title":{"rendered":"Cl\u00e1sica 1\u00ba de Mayo: 100 participantes en la categor\u00eda familiar organizada por el municipio"},"content":{"rendered":"<p>La Municipalidad de Salta particip\u00f3 de la carrera cicl\u00edstica Cl\u00e1sica 1\u00ba de Mayo con su propio recorrido en la categor\u00eda familiar en el marco del programa \u201cSalta en bici\u201d.<\/p>\n<p>La organizaci\u00f3n estuvo a cargo de las Secretar\u00edas de Deportes, Turismo y Cultura y la Subsecretar\u00eda de Contenidos, Participaci\u00f3n Ciudadana y Asuntos Estrat\u00e9gicos.<\/p>\n<p>Del circuito de 3,5 km, de dificultad baja, participaron 100 vecinos de la ciudad. Al finalizar la carrera, se realiz\u00f3 el sorteo de una bicicleta, resultando ganadora Liliana Costas con la placa N\u00ba 33.<\/p>\n<p>Al respecto, uno de los participantes de la carrera sostuvo que \u201cest\u00e1 buena la iniciativa porque hace integraci\u00f3n y es una forma de que los ciclistas amateurs se sumen y puedan darse a conocer\u201d.<\/p>\n<p>Asimismo, los ciclistas destacaron la incorporaci\u00f3n de las ciclov\u00edas en la ciudad para garantizar la seguridad de quienes utilizan la bicicleta como medio de transporte habitual.<\/p>\n<p><strong>\u201cSalta en bici\u201d<\/strong><\/p>\n<p>El programa \u201cSalta en bici\u201d fue creado mediante la reglamentaci\u00f3n de la Ordenanza N\u00ba 15.169 y busca desarrollar estrategias de educaci\u00f3n y seguridad vial enfocadas en los diferentes actores de la movilidad urbana. Adem\u00e1s, de promover el desarrollo econ\u00f3mico y comercial vinculado al uso de bicicletas y estrategias fiscales de fomento.<\/p>\n<p>&nbsp;<\/p>\n<div class=\"youtube-embed\" data-video_id=\"NDq4ETteldM\"><iframe loading=\"lazy\" title=\"Cl\u00e1sica 1\u00ba de Mayo: 100 vecinos participaron de la categor\u00eda familiar organizada por el municipio\" width=\"696\" height=\"392\" src=\"https:\/\/www.youtube.com\/embed\/NDq4ETteldM?feature=oembed&#038;enablejsapi=1\" frameborder=\"0\" allow=\"accelerometer; autoplay; clipboard-write; encrypted-media; gyroscope; picture-in-picture; web-share\" allowfullscreen><\/iframe><\/div>\n<p><img loading=\"lazy\" decoding=\"async\" class=\"alignnone size-full wp-image-194820\" src=\"https:\/\/prensa.municipalidadsalta.gob.ar\/wp-content\/uploads\/2023\/05\/categoriafamiliar2.png\" alt=\"\" width=\"790\" height=\"493\" srcset=\"https:\/\/saltavecinal.com\/wp-content\/uploads\/2023\/05\/categoriafamiliar2.png 790w, https:\/\/saltavecinal.com\/wp-content\/uploads\/2023\/05\/categoriafamiliar2-300x187.png 300w, https:\/\/saltavecinal.com\/wp-content\/uploads\/2023\/05\/categoriafamiliar2-768x479.png 768w, https:\/\/saltavecinal.com\/wp-content\/uploads\/2023\/05\/categoriafamiliar2-150x94.png 150w, https:\/\/saltavecinal.com\/wp-content\/uploads\/2023\/05\/categoriafamiliar2-696x434.png 696w\" sizes=\"(max-width: 790px) 100vw, 790px\" \/><\/p>\n<p><img loading=\"lazy\" decoding=\"async\" class=\"alignnone size-full wp-image-194821\" src=\"https:\/\/prensa.municipalidadsalta.gob.ar\/wp-content\/uploads\/2023\/05\/categoriafamiliar4.png\" alt=\"\" width=\"464\" height=\"515\" srcset=\"https:\/\/saltavecinal.com\/wp-content\/uploads\/2023\/05\/categoriafamiliar4.png 464w, https:\/\/saltavecinal.com\/wp-content\/uploads\/2023\/05\/categoriafamiliar4-270x300.png 270w, https:\/\/saltavecinal.com\/wp-content\/uploads\/2023\/05\/categoriafamiliar4-150x166.png 150w, https:\/\/saltavecinal.com\/wp-content\/uploads\/2023\/05\/categoriafamiliar4-300x333.png 300w\" sizes=\"(max-width: 464px) 100vw, 464px\" \/><\/p>\n<p><img loading=\"lazy\" decoding=\"async\" class=\"alignnone size-full wp-image-194822\" src=\"https:\/\/prensa.municipalidadsalta.gob.ar\/wp-content\/uploads\/2023\/05\/categoriafamiliar3.jpg\" alt=\"\" width=\"515\" height=\"453\" srcset=\"https:\/\/saltavecinal.com\/wp-content\/uploads\/2023\/05\/categoriafamiliar3.jpg 515w, https:\/\/saltavecinal.com\/wp-content\/uploads\/2023\/05\/categoriafamiliar3-300x264.jpg 300w, https:\/\/saltavecinal.com\/wp-content\/uploads\/2023\/05\/categoriafamiliar3-150x132.jpg 150w\" sizes=\"(max-width: 515px) 100vw, 515px\" \/><\/p>\n","protected":false},"excerpt":{"rendered":"<p>Los participantes realizaron el circuito de 3,5 km con dificultad baja, que inici\u00f3 en la Escuela de Artes y Oficios. Liliana Costas fue la ganadora de una bicicleta en el sorteo que se realiz\u00f3 al finalizar el recorrido<\/p>\n","protected":false},"author":2,"featured_media":194819,"comment_status":"closed","ping_status":"closed","sticky":false,"template":"","format":"standard","meta":{"footnotes":""},"categories":[247,245],"tags":[23,24,55,57],"class_list":{"0":"post-194818","1":"post","2":"type-post","3":"status-publish","4":"format-standard","5":"has-post-thumbnail","7":"category-metropolitana","8":"category-salta","9":"tag-bicicletas","10":"tag-clasica-1-de-mayo","11":"tag-contenidos","12":"tag-salta-en-bici"},"_links":{"self":[{"href":"https:\/\/saltavecinal.com\/index.php\/wp-json\/wp\/v2\/posts\/194818"}],"collection":[{"href":"https:\/\/saltavecinal.com\/index.php\/wp-json\/wp\/v2\/posts"}],"about":[{"href":"https:\/\/saltavecinal.com\/index.php\/wp-json\/wp\/v2\/types\/post"}],"author":[{"embeddable":true,"href":"https:\/\/saltavecinal.com\/index.php\/wp-json\/wp\/v2\/users\/2"}],"replies":[{"embeddable":true,"href":"https:\/\/saltavecinal.com\/index.php\/wp-json\/wp\/v2\/comments?post=194818"}],"version-history":[{"count":1,"href":"https:\/\/saltavecinal.com\/index.php\/wp-json\/wp\/v2\/posts\/194818\/revisions"}],"predecessor-version":[{"id":233704,"href":"https:\/\/saltavecinal.com\/index.php\/wp-json\/wp\/v2\/posts\/194818\/revisions\/233704"}],"wp:featuredmedia":[{"embeddable":true,"href":"https:\/\/saltavecinal.com\/index.php\/wp-json\/wp\/v2\/media\/194819"}],"wp:attachment":[{"href":"https:\/\/saltavecinal.com\/index.php\/wp-json\/wp\/v2\/media?parent=194818"}],"wp:term":[{"taxonomy":"category","embeddable":true,"href":"https:\/\/saltavecinal.com\/index.php\/wp-json\/wp\/v2\/categories?post=194818"},{"taxonomy":"post_tag","embeddable":true,"href":"https:\/\/saltavecinal.com\/index.php\/wp-json\/wp\/v2\/tags?post=194818"}],"curies":[{"name":"wp","href":"https:\/\/api.w.org\/{rel}","templated":true}]}}