{"id":194826,"date":"2023-05-02T13:20:12","date_gmt":"2023-05-02T16:20:12","guid":{"rendered":"https:\/\/prensa.municipalidadsalta.gob.ar\/?p=194826"},"modified":"2023-05-03T18:00:49","modified_gmt":"2023-05-03T18:00:49","slug":"funcionarios-municipales-y-ediles-trataron-la-implementacion-de-cartas-menu-con-pictogramas","status":"publish","type":"post","link":"https:\/\/saltavecinal.com\/index.php\/2023\/05\/02\/funcionarios-municipales-y-ediles-trataron-la-implementacion-de-cartas-menu-con-pictogramas\/","title":{"rendered":"Funcionarios municipales y ediles trataron la implementaci\u00f3n de cartas men\u00fa con pictogramas"},"content":{"rendered":"<p>Funcionarios de la Subsecretar\u00eda de Defensa del Consumidor de la Municipalidad de Salta fueron convocados por la comisi\u00f3n de Discapacidad del Concejo Deliberante, para tratar el proyecto de ordenanza referido a establecer que en los locales gastron\u00f3micos de la ciudad se ofrezcan ejemplares de carta men\u00fa con pictogramas y apoyo visual accesibles para ni\u00f1os, ni\u00f1as y adolescentes con TEA.<\/p>\n<p>\u201cFuimos convocados en el marco del tratamiento de una ordenanza para la aplicaci\u00f3n e implementaci\u00f3n de la carta men\u00fa en braille y los pictogramas en los distintos locales gastron\u00f3micos de la ciudad para garantizar la accesibilidad universal a los consumidores con discapacidad\u201d, explic\u00f3 al respecto la titular de Defensa del Consumidor, Emilia Calmejane, quien form\u00f3 parte de la reuni\u00f3n junto al equipo de la Subsecretar\u00eda.<\/p>\n<p>\u201cConversamos y tratamos sobre la necesidad de que las personas con discapacidad sean reconocidas en sus necesidades como consumidores. Tratamos sobre las formas en que se podr\u00eda hacer posible la implementaci\u00f3n en corto plazo, por lo que continuaremos trabajando en la parte t\u00e9cnica la ordenanza\u201d, agreg\u00f3 la funcionaria.<\/p>\n<p>Calmejane, junto a su equipo, informaron y recordaron en la reuni\u00f3n de comisi\u00f3n, acerca de las diferentes acciones que se vienen llevando desde el municipio en materia de defensa del consumidor y de discapacidad.<\/p>\n<p>\u201cLa intendenta Bettina Romero nos pidi\u00f3 poner en funcionamiento una ordenanza muy importante que crea el Consejo Municipal de Pol\u00edticas P\u00fablicas para Personas con Discapacidad, a trav\u00e9s de la Ordenanza 11.821 que hace 26 a\u00f1os no funcionaba. Se implementar\u00e1 con m\u00e1s de 20 organizaciones para trabajar justamente en este tipo de pol\u00edticas p\u00fablicas\u201d, indic\u00f3 la funcionaria municipal.<\/p>\n<p>Asimismo, Calmejane expres\u00f3 que la jefa comunal marc\u00f3 la importancia de trabajar en la accesibilidad universal y as\u00ed se hizo desde el inicio de gesti\u00f3n, tanto desde el acompa\u00f1amiento de las obras en la ciudad, semaforizaciones, como tambi\u00e9n sobre los planteos de los derechos desde Defensa del Consumidor como desde el \u00e1rea de Discapacidad.<\/p>\n<p>Concejales y funcionarios municipales continuar\u00e1n en una tarea conjunta y volver\u00e1n a reunirse para tratar cuestiones t\u00e9cnicas que se deben resolver sobre el proyecto de ordenanza que fue tratado para avanzar en todas estas garant\u00edas de derechos.<\/p>\n<p>Estuvieron presentes en la reuni\u00f3n: la presidente de la comisi\u00f3n de Discapacidad, Malvina Gareca, y los concejales Soledad Gramajo, Jos\u00e9 Garc\u00eda y Emilia Orozco. En tanto que desde el municipio form\u00f3 parte el director General de Defensa del Consumidor, Adri\u00e1n Ger\u00f3nimo.<\/p>\n<p>Cabe recordar que los vecinos pueden recibir asesoramiento de la Subsecretar\u00eda de Defensa del Consumidor en las oficinas del Centro C\u00edvico Municipal de 8 a 14 horas, en tanto pueden acercarse a los distintos CICs o a trav\u00e9s de la p\u00e1gina web de la Municipalidad para poder acceder a todos los servicios tanto de manera presencial como virtual.<\/p>\n<p>&nbsp;<\/p>\n<div class=\"youtube-embed\" data-video_id=\"1U4ZkrYwf9k\"><iframe loading=\"lazy\" title=\"Funcionarios municipales trataron junto a concejales: implementaci\u00f3n de cartas men\u00fa con pictogramas\" width=\"696\" height=\"392\" src=\"https:\/\/www.youtube.com\/embed\/1U4ZkrYwf9k?feature=oembed&#038;enablejsapi=1\" frameborder=\"0\" allow=\"accelerometer; autoplay; clipboard-write; encrypted-media; gyroscope; picture-in-picture; web-share\" allowfullscreen><\/iframe><\/div>\n<p><img loading=\"lazy\" decoding=\"async\" class=\"alignnone size-full wp-image-194828\" src=\"https:\/\/prensa.municipalidadsalta.gob.ar\/wp-content\/uploads\/2023\/05\/emilia-calmejane-concejo-deliberante-3.jpg\" alt=\"\" width=\"1600\" height=\"1067\" srcset=\"https:\/\/saltavecinal.com\/wp-content\/uploads\/2023\/05\/emilia-calmejane-concejo-deliberante-3.jpg 1600w, https:\/\/saltavecinal.com\/wp-content\/uploads\/2023\/05\/emilia-calmejane-concejo-deliberante-3-300x200.jpg 300w, https:\/\/saltavecinal.com\/wp-content\/uploads\/2023\/05\/emilia-calmejane-concejo-deliberante-3-1024x683.jpg 1024w, https:\/\/saltavecinal.com\/wp-content\/uploads\/2023\/05\/emilia-calmejane-concejo-deliberante-3-768x512.jpg 768w, https:\/\/saltavecinal.com\/wp-content\/uploads\/2023\/05\/emilia-calmejane-concejo-deliberante-3-1536x1024.jpg 1536w, https:\/\/saltavecinal.com\/wp-content\/uploads\/2023\/05\/emilia-calmejane-concejo-deliberante-3-150x100.jpg 150w, https:\/\/saltavecinal.com\/wp-content\/uploads\/2023\/05\/emilia-calmejane-concejo-deliberante-3-696x464.jpg 696w, https:\/\/saltavecinal.com\/wp-content\/uploads\/2023\/05\/emilia-calmejane-concejo-deliberante-3-1068x712.jpg 1068w\" sizes=\"(max-width: 1600px) 100vw, 1600px\" \/><\/p>\n<p><img loading=\"lazy\" decoding=\"async\" class=\"alignnone size-full wp-image-194829\" src=\"https:\/\/prensa.municipalidadsalta.gob.ar\/wp-content\/uploads\/2023\/05\/emilia-calmejane-concejo-deliberante-2.jpg\" alt=\"\" width=\"1600\" height=\"1067\" srcset=\"https:\/\/saltavecinal.com\/wp-content\/uploads\/2023\/05\/emilia-calmejane-concejo-deliberante-2.jpg 1600w, https:\/\/saltavecinal.com\/wp-content\/uploads\/2023\/05\/emilia-calmejane-concejo-deliberante-2-300x200.jpg 300w, https:\/\/saltavecinal.com\/wp-content\/uploads\/2023\/05\/emilia-calmejane-concejo-deliberante-2-1024x683.jpg 1024w, https:\/\/saltavecinal.com\/wp-content\/uploads\/2023\/05\/emilia-calmejane-concejo-deliberante-2-768x512.jpg 768w, https:\/\/saltavecinal.com\/wp-content\/uploads\/2023\/05\/emilia-calmejane-concejo-deliberante-2-1536x1024.jpg 1536w, https:\/\/saltavecinal.com\/wp-content\/uploads\/2023\/05\/emilia-calmejane-concejo-deliberante-2-150x100.jpg 150w, https:\/\/saltavecinal.com\/wp-content\/uploads\/2023\/05\/emilia-calmejane-concejo-deliberante-2-696x464.jpg 696w, https:\/\/saltavecinal.com\/wp-content\/uploads\/2023\/05\/emilia-calmejane-concejo-deliberante-2-1068x712.jpg 1068w\" sizes=\"(max-width: 1600px) 100vw, 1600px\" \/><\/p>\n<p><img loading=\"lazy\" decoding=\"async\" class=\"alignnone size-full wp-image-194830\" src=\"https:\/\/prensa.municipalidadsalta.gob.ar\/wp-content\/uploads\/2023\/05\/emilia-calmejane-concejo-deliberante-4.jpg\" alt=\"\" width=\"1600\" height=\"1067\" srcset=\"https:\/\/saltavecinal.com\/wp-content\/uploads\/2023\/05\/emilia-calmejane-concejo-deliberante-4.jpg 1600w, https:\/\/saltavecinal.com\/wp-content\/uploads\/2023\/05\/emilia-calmejane-concejo-deliberante-4-300x200.jpg 300w, https:\/\/saltavecinal.com\/wp-content\/uploads\/2023\/05\/emilia-calmejane-concejo-deliberante-4-1024x683.jpg 1024w, https:\/\/saltavecinal.com\/wp-content\/uploads\/2023\/05\/emilia-calmejane-concejo-deliberante-4-768x512.jpg 768w, https:\/\/saltavecinal.com\/wp-content\/uploads\/2023\/05\/emilia-calmejane-concejo-deliberante-4-1536x1024.jpg 1536w, https:\/\/saltavecinal.com\/wp-content\/uploads\/2023\/05\/emilia-calmejane-concejo-deliberante-4-150x100.jpg 150w, https:\/\/saltavecinal.com\/wp-content\/uploads\/2023\/05\/emilia-calmejane-concejo-deliberante-4-696x464.jpg 696w, https:\/\/saltavecinal.com\/wp-content\/uploads\/2023\/05\/emilia-calmejane-concejo-deliberante-4-1068x712.jpg 1068w\" sizes=\"(max-width: 1600px) 100vw, 1600px\" \/><\/p>\n","protected":false},"excerpt":{"rendered":"<p>Fueron convocados por el Concejo Deliberante para analizar el proyecto de ordenanza que establece que los locales gastron\u00f3micos de la ciudad deber\u00e1n ofrecer apoyo visual accesible para ni\u00f1os, ni\u00f1as y adolescentes con TEA.<\/p>\n","protected":false},"author":2,"featured_media":194827,"comment_status":"closed","ping_status":"closed","sticky":false,"template":"","format":"standard","meta":{"footnotes":""},"categories":[245],"tags":[59,61,62],"class_list":{"0":"post-194826","1":"post","2":"type-post","3":"status-publish","4":"format-standard","5":"has-post-thumbnail","7":"category-salta","8":"tag-concejo-deliberante","9":"tag-defensa-del-consumidor","10":"tag-discapacidad"},"_links":{"self":[{"href":"https:\/\/saltavecinal.com\/index.php\/wp-json\/wp\/v2\/posts\/194826"}],"collection":[{"href":"https:\/\/saltavecinal.com\/index.php\/wp-json\/wp\/v2\/posts"}],"about":[{"href":"https:\/\/saltavecinal.com\/index.php\/wp-json\/wp\/v2\/types\/post"}],"author":[{"embeddable":true,"href":"https:\/\/saltavecinal.com\/index.php\/wp-json\/wp\/v2\/users\/2"}],"replies":[{"embeddable":true,"href":"https:\/\/saltavecinal.com\/index.php\/wp-json\/wp\/v2\/comments?post=194826"}],"version-history":[{"count":1,"href":"https:\/\/saltavecinal.com\/index.php\/wp-json\/wp\/v2\/posts\/194826\/revisions"}],"predecessor-version":[{"id":233703,"href":"https:\/\/saltavecinal.com\/index.php\/wp-json\/wp\/v2\/posts\/194826\/revisions\/233703"}],"wp:featuredmedia":[{"embeddable":true,"href":"https:\/\/saltavecinal.com\/index.php\/wp-json\/wp\/v2\/media\/194827"}],"wp:attachment":[{"href":"https:\/\/saltavecinal.com\/index.php\/wp-json\/wp\/v2\/media?parent=194826"}],"wp:term":[{"taxonomy":"category","embeddable":true,"href":"https:\/\/saltavecinal.com\/index.php\/wp-json\/wp\/v2\/categories?post=194826"},{"taxonomy":"post_tag","embeddable":true,"href":"https:\/\/saltavecinal.com\/index.php\/wp-json\/wp\/v2\/tags?post=194826"}],"curies":[{"name":"wp","href":"https:\/\/api.w.org\/{rel}","templated":true}]}}