{"id":233856,"date":"2023-06-16T01:18:57","date_gmt":"2023-06-16T01:18:57","guid":{"rendered":"https:\/\/saltavecinal.com\/?p=233856"},"modified":"2023-06-22T13:44:58","modified_gmt":"2023-06-22T13:44:58","slug":"en-barrio-union-tu-voz-cuenta-conmigo","status":"publish","type":"post","link":"https:\/\/saltavecinal.com\/index.php\/2023\/06\/16\/en-barrio-union-tu-voz-cuenta-conmigo\/","title":{"rendered":"En Barrio Uni\u00f3n, tu voz cuenta conmigo"},"content":{"rendered":"<p>La tartamudez es un trastorno del habla que se manifiesta en la <strong>repetici\u00f3n o en las\u00a0 interrupciones involuntarias en la emisi\u00f3n de palabras<\/strong>. Afortunadamente hoy tiene <strong>m\u00e1s aceptaci\u00f3n y visibilidad<\/strong> que en otros tiempos y permite que las personas que lo padecen, no carguen con el temor o la verg\u00fcenza de otros tiempos. Se sabe m\u00e1s dado a que hay mas estudios que permiten su <strong>abordaje integral. <\/strong><\/p>\n<p>En barrio Uni\u00f3n en la zona norte de la capital, gracias al programa \u00abTu voz cuenta conmigo\u00bb que promueve el diputado provincial Omar Exeni.<\/p>\n<div class=\"youtube-embed\" data-video_id=\"ln_wC15jf20\"><iframe loading=\"lazy\" title=\"Tu voz cuenta conmigo en Uni\u00f3n\" width=\"696\" height=\"392\" src=\"https:\/\/www.youtube.com\/embed\/ln_wC15jf20?feature=oembed&#038;enablejsapi=1\" frameborder=\"0\" allow=\"accelerometer; autoplay; clipboard-write; encrypted-media; gyroscope; picture-in-picture; web-share\" allowfullscreen><\/iframe><\/div>\n","protected":false},"excerpt":{"rendered":"<p>La tartamudez es un trastorno del habla que se manifiesta en la repetici\u00f3n o en las\u00a0 interrupciones involuntarias en la emisi\u00f3n de palabras. Afortunadamente hoy tiene m\u00e1s aceptaci\u00f3n y visibilidad que en otros tiempos y permite que las personas que lo padecen, no carguen con el temor o la verg\u00fcenza de otros tiempos. Se sabe [&hellip;]<\/p>\n","protected":false},"author":3,"featured_media":233857,"comment_status":"open","ping_status":"open","sticky":false,"template":"","format":"video","meta":{"footnotes":""},"categories":[246],"tags":[260,263,261,194,266,264,262,269,268,249,259,265,267],"class_list":{"0":"post-233856","1":"post","2":"type-post","3":"status-publish","4":"format-video","5":"has-post-thumbnail","7":"category-videos","8":"tag-barrio-union","9":"tag-bettina-romero","10":"tag-capital","11":"tag-cic-union","12":"tag-habla","13":"tag-municipalidad-de-salta","14":"tag-omar-exeni","15":"tag-psicologia","16":"tag-psicopedagogia","17":"tag-salta","18":"tag-tartamudez","19":"tag-trastorno","20":"tag-tu-voz-cuenta-conmigo","21":"post_format-post-format-video"},"_links":{"self":[{"href":"https:\/\/saltavecinal.com\/index.php\/wp-json\/wp\/v2\/posts\/233856"}],"collection":[{"href":"https:\/\/saltavecinal.com\/index.php\/wp-json\/wp\/v2\/posts"}],"about":[{"href":"https:\/\/saltavecinal.com\/index.php\/wp-json\/wp\/v2\/types\/post"}],"author":[{"embeddable":true,"href":"https:\/\/saltavecinal.com\/index.php\/wp-json\/wp\/v2\/users\/3"}],"replies":[{"embeddable":true,"href":"https:\/\/saltavecinal.com\/index.php\/wp-json\/wp\/v2\/comments?post=233856"}],"version-history":[{"count":3,"href":"https:\/\/saltavecinal.com\/index.php\/wp-json\/wp\/v2\/posts\/233856\/revisions"}],"predecessor-version":[{"id":233860,"href":"https:\/\/saltavecinal.com\/index.php\/wp-json\/wp\/v2\/posts\/233856\/revisions\/233860"}],"wp:featuredmedia":[{"embeddable":true,"href":"https:\/\/saltavecinal.com\/index.php\/wp-json\/wp\/v2\/media\/233857"}],"wp:attachment":[{"href":"https:\/\/saltavecinal.com\/index.php\/wp-json\/wp\/v2\/media?parent=233856"}],"wp:term":[{"taxonomy":"category","embeddable":true,"href":"https:\/\/saltavecinal.com\/index.php\/wp-json\/wp\/v2\/categories?post=233856"},{"taxonomy":"post_tag","embeddable":true,"href":"https:\/\/saltavecinal.com\/index.php\/wp-json\/wp\/v2\/tags?post=233856"}],"curies":[{"name":"wp","href":"https:\/\/api.w.org\/{rel}","templated":true}]}}