{"id":233871,"date":"2023-06-22T11:40:39","date_gmt":"2023-06-22T11:40:39","guid":{"rendered":"https:\/\/saltavecinal.com\/?p=233871"},"modified":"2023-06-22T11:40:39","modified_gmt":"2023-06-22T11:40:39","slug":"ale-hnos-no-se-hace-responsable-de-una-victima-del-accidente-en-ruta-68","status":"publish","type":"post","link":"https:\/\/saltavecinal.com\/index.php\/2023\/06\/22\/ale-hnos-no-se-hace-responsable-de-una-victima-del-accidente-en-ruta-68\/","title":{"rendered":"Ale Hnos. no se hace responsable de una victima del accidente en ruta 68"},"content":{"rendered":"<p>Teresa Martina Prieto, una de los 26 pasajeros que sufriero<strong>n lesiones de consideraci\u00f3n en el accidente de la ruta 68 en el paraje San Antonio de El Carril<\/strong>, hoy todavia padece las consecuencias de aquel siniestro.<\/p>\n<p><!--more--><\/p>\n<p>El accidente ocurri\u00f3 en la l\u00ednea de colectivos de Ale Hnos., que va desde El Carril hacia Coronel Moldes. Tr\u00e1gicamente, <strong>una joven mujer de Chicoana muri\u00f3 por los tremendos golpes sufridos al momento del impacto con un \u00e1rbol y un pared\u00f3n de piedras.<\/strong> Teresa sali\u00f3 despedida por el parabrisas del colectivo y <strong>vol\u00f3 ocho metros hasta caer en medio de piedras y ramas.<\/strong> Con magulladuras en todo el cuerpo y su cabeza ba\u00f1ada en sangre, fue trasladada apenas fue socorrida por los equipos de rescate de la polic\u00eda y los enfermeros de las numerosas ambulancias que llegaron al lugar del desastre. Estaba tan herida la mujer que algunos dudaban si se salvar\u00eda en medio del traslado en c\u00f3digo rojo al hospital San Bernardo de la ciudad de Salta.<\/p>\n<p><strong>Esa noche ocurrieron muchas cosas lamentables.<\/strong> Por ejemplo, algunos pasajeros aturdidos abandonaron el lugar del accidente sin recibir ayuda, mientras que otros terminaron siendo internados con diversas lesiones en nosocomios de la zona y de Salta capital.<\/p>\n<p>Teresa, quien reside en Coronel Moldes, fue una de las personas afectadas y <strong>denunci\u00f3 que la empresa encargada de esta l\u00ednea de transporte no se hizo responsable de ella ni de sus lesiones.<\/strong> \u00abRecuerdo que sub\u00ed al autob\u00fas en la plaza de El Carril y el veh\u00edculo ya estaba lleno. En la siguiente parada subieron un par de personas m\u00e1s, as\u00ed que me ubiqu\u00e9 en el pasillo junto en el primer asiento y me sujet\u00e9 al portaequipajes. Continuamos recogiendo gente hasta la \u00faltima parada en El Carril. Luego, al pasar por el lomo de burro en San Antonio, el autob\u00fas iba r\u00e1pido. No puedo calcular exactamente la velocidad, pero siempre esperas esa sensaci\u00f3n de v\u00e9rtigo y vac\u00edo en el est\u00f3mago al pasar por ese desnivel de la ruta. Lo \u00faltimo que recuerdo es haberme agarrado del brazo de una chica, luego sent\u00ed que ca\u00ed hacia atr\u00e1s y perd\u00ed el conocimiento. No s\u00e9 cu\u00e1nto tiempo estuve inconsciente, pero seg\u00fan lo que me contaron despu\u00e9s, sal\u00ed despedida por el parabrisas y me encontraron a varios metros del autob\u00fas\u00bb, cont\u00f3 la mujer.<\/p>\n<p><strong>Teresa Prieto sali\u00f3 despedida por el parabrisas del colectivo y la encontraron a varios metros inconsciente y ba\u00f1ada en sangre.<\/strong> La llevaron al hospital San Bernardo en c\u00f3digo rojo. El m\u00e9dico que la revis\u00f3 en la sala de emergencias orden\u00f3 una tomograf\u00eda porque sospechaba de una fractura de cr\u00e1neo. Y le piden pruebas&#8230;<\/p>\n<p>Continu\u00f3 relatando su experiencia: \u00abCuando llegu\u00e9 al hospital, el m\u00e9dico que me revis\u00f3 en la sala de emergencias dijo que me hab\u00edan realizado una tomograf\u00eda porque sospechaban que ten\u00eda una fractura de cr\u00e1neo debido a una herida profunda en la cabeza\u00bb.<\/p>\n<p>Y agreg\u00f3 finalmente: \u00abEstoy viva de milagro y nadie se hace cargo del accidente. Pasaron dos semanas del siniestro, y en medio de tantos golpes y problemas de salud que me provoc\u00f3 este accidente, la empresa solo me pide el ticket del pasaje para reconocerme algunos remedios\u00bb.<\/p>\n<h1><strong>Perdi\u00f3 $30 mil y el celular<\/strong><\/h1>\n<p>La noche fat\u00eddica aquella dej\u00f3 un tendal de heridos. Teresa Martina Prieto sali\u00f3 despedida y todas sus pertenencias se perdieron entre tanto desastre.<strong> La mujer, para reclamar un resarcimiento con sus gastos de salud, debe presentar un ticket, pasaje o boleto a la empresa, que acredite que fue pasajera en ese colectivo siniestrado. \u00abEs el colmo, me dijo un representante de Ale que cualquier remedio que yo compre debo presentar recibos y me devuelven el dinero. El tema es que no tengo plata, y tampoco s\u00e9 d\u00f3nde fue a parar el ticket de viaje para demostrar que fui pasajera esa noche\u00bb<\/strong>. Urgente, alguien tiene que ponerle l\u00f3gica a esto.<\/p>\n","protected":false},"excerpt":{"rendered":"<p>Teresa Martina Prieto, una de los 26 pasajeros que sufrieron lesiones de consideraci\u00f3n en el accidente de la ruta 68 en el paraje San Antonio de El Carril, hoy todavia padece las consecuencias de aquel siniestro.<\/p>\n","protected":false},"author":3,"featured_media":233872,"comment_status":"open","ping_status":"open","sticky":false,"template":"","format":"standard","meta":{"footnotes":""},"categories":[247],"tags":[287,290,288,285,286,291,249,289],"class_list":{"0":"post-233871","1":"post","2":"type-post","3":"status-publish","4":"format-standard","5":"has-post-thumbnail","7":"category-metropolitana","8":"tag-ale-hermanos","9":"tag-boleto","10":"tag-colectivo","11":"tag-el-carril","12":"tag-moldes","13":"tag-ruta-68","14":"tag-salta","15":"tag-siniestro-vial"},"_links":{"self":[{"href":"https:\/\/saltavecinal.com\/index.php\/wp-json\/wp\/v2\/posts\/233871"}],"collection":[{"href":"https:\/\/saltavecinal.com\/index.php\/wp-json\/wp\/v2\/posts"}],"about":[{"href":"https:\/\/saltavecinal.com\/index.php\/wp-json\/wp\/v2\/types\/post"}],"author":[{"embeddable":true,"href":"https:\/\/saltavecinal.com\/index.php\/wp-json\/wp\/v2\/users\/3"}],"replies":[{"embeddable":true,"href":"https:\/\/saltavecinal.com\/index.php\/wp-json\/wp\/v2\/comments?post=233871"}],"version-history":[{"count":1,"href":"https:\/\/saltavecinal.com\/index.php\/wp-json\/wp\/v2\/posts\/233871\/revisions"}],"predecessor-version":[{"id":233873,"href":"https:\/\/saltavecinal.com\/index.php\/wp-json\/wp\/v2\/posts\/233871\/revisions\/233873"}],"wp:featuredmedia":[{"embeddable":true,"href":"https:\/\/saltavecinal.com\/index.php\/wp-json\/wp\/v2\/media\/233872"}],"wp:attachment":[{"href":"https:\/\/saltavecinal.com\/index.php\/wp-json\/wp\/v2\/media?parent=233871"}],"wp:term":[{"taxonomy":"category","embeddable":true,"href":"https:\/\/saltavecinal.com\/index.php\/wp-json\/wp\/v2\/categories?post=233871"},{"taxonomy":"post_tag","embeddable":true,"href":"https:\/\/saltavecinal.com\/index.php\/wp-json\/wp\/v2\/tags?post=233871"}],"curies":[{"name":"wp","href":"https:\/\/api.w.org\/{rel}","templated":true}]}}