{"id":233901,"date":"2023-06-22T23:46:47","date_gmt":"2023-06-22T23:46:47","guid":{"rendered":"https:\/\/saltavecinal.com\/?p=233901"},"modified":"2023-06-22T23:46:47","modified_gmt":"2023-06-22T23:46:47","slug":"cerrillos-el-cordon-cuneta-de-b-congreso-nacional-apenas-duro-un-mes","status":"publish","type":"post","link":"https:\/\/saltavecinal.com\/index.php\/2023\/06\/22\/cerrillos-el-cordon-cuneta-de-b-congreso-nacional-apenas-duro-un-mes\/","title":{"rendered":"Cerrillos: El cord\u00f3n cuneta de B\u00b0 Congreso Nacional apenas dur\u00f3 un mes"},"content":{"rendered":"<p>Una obra que <strong>se realiz\u00f3 semanas antes de las elecciones del 14 de mayo<\/strong> pasado, se desmorona.<\/p>\n<p><!--more--><\/p>\n<p>\u201c<strong>Esto es Barrio Congreso Nacional. As\u00ed est\u00e1 el cord\u00f3n cuneta que mand\u00f3 a hacer Yolanda Vega.<\/strong> Est\u00e1bamos contentos por el avance, pero al parecer o no hicieron bien el trabajo, o no sabemos qu\u00e9 pas\u00f3, pero hoy el cord\u00f3n est\u00e1 todo roto\u201d manifest\u00f3 una vecina de Cerrillos.<\/p>\n<p>Seg\u00fan planten los vecinos, la tan anhelada obra se concret\u00f3 semanas antes de las elecciones del 14 de mayo \u201cde un momento a otro avanzaron r\u00e1pidamente en el cord\u00f3n\u201d.<\/p>\n<p>La pregunta que se hacen todos es <strong>qui\u00e9n realiz\u00f3 la obra, qu\u00e9 materiales se utiliz\u00f3<\/strong> para que la misma se encuentre en ese estado, qui\u00e9n supervis\u00f3, s\u00ed es que alguien lo hizo.<\/p>\n","protected":false},"excerpt":{"rendered":"<p>Una obra que se realiz\u00f3 semanas antes de las elecciones del 14 de mayo pasado, se desmorona.<\/p>\n","protected":false},"author":3,"featured_media":233902,"comment_status":"open","ping_status":"open","sticky":false,"template":"","format":"standard","meta":{"footnotes":""},"categories":[247],"tags":[297,319,320,322,323,321,249,318],"class_list":{"0":"post-233901","1":"post","2":"type-post","3":"status-publish","4":"format-standard","5":"has-post-thumbnail","7":"category-metropolitana","8":"tag-cerrillos","9":"tag-cordon","10":"tag-cuneta","11":"tag-elecciones","12":"tag-municipalidad-cerrillos","13":"tag-obras-publicas","14":"tag-salta","15":"tag-yolanda-vega"},"_links":{"self":[{"href":"https:\/\/saltavecinal.com\/index.php\/wp-json\/wp\/v2\/posts\/233901"}],"collection":[{"href":"https:\/\/saltavecinal.com\/index.php\/wp-json\/wp\/v2\/posts"}],"about":[{"href":"https:\/\/saltavecinal.com\/index.php\/wp-json\/wp\/v2\/types\/post"}],"author":[{"embeddable":true,"href":"https:\/\/saltavecinal.com\/index.php\/wp-json\/wp\/v2\/users\/3"}],"replies":[{"embeddable":true,"href":"https:\/\/saltavecinal.com\/index.php\/wp-json\/wp\/v2\/comments?post=233901"}],"version-history":[{"count":1,"href":"https:\/\/saltavecinal.com\/index.php\/wp-json\/wp\/v2\/posts\/233901\/revisions"}],"predecessor-version":[{"id":233903,"href":"https:\/\/saltavecinal.com\/index.php\/wp-json\/wp\/v2\/posts\/233901\/revisions\/233903"}],"wp:featuredmedia":[{"embeddable":true,"href":"https:\/\/saltavecinal.com\/index.php\/wp-json\/wp\/v2\/media\/233902"}],"wp:attachment":[{"href":"https:\/\/saltavecinal.com\/index.php\/wp-json\/wp\/v2\/media?parent=233901"}],"wp:term":[{"taxonomy":"category","embeddable":true,"href":"https:\/\/saltavecinal.com\/index.php\/wp-json\/wp\/v2\/categories?post=233901"},{"taxonomy":"post_tag","embeddable":true,"href":"https:\/\/saltavecinal.com\/index.php\/wp-json\/wp\/v2\/tags?post=233901"}],"curies":[{"name":"wp","href":"https:\/\/api.w.org\/{rel}","templated":true}]}}