{"id":233904,"date":"2023-06-23T01:09:36","date_gmt":"2023-06-23T01:09:36","guid":{"rendered":"https:\/\/saltavecinal.com\/?p=233904"},"modified":"2023-06-23T01:09:36","modified_gmt":"2023-06-23T01:09:36","slug":"por-la-procesion-del-sagrado-corazon-habra-cortes-en-el-centro","status":"publish","type":"post","link":"https:\/\/saltavecinal.com\/index.php\/2023\/06\/23\/por-la-procesion-del-sagrado-corazon-habra-cortes-en-el-centro\/","title":{"rendered":"Por la procesi\u00f3n del Sagrado Coraz\u00f3n habr\u00e1 cortes en el centro"},"content":{"rendered":"<p>La Municipalidad de Salta diagram\u00f3 un operativo especial con motivo de la <strong>festividad religiosa del Sagrado Coraz\u00f3n de Jes\u00fas, prevista para el s\u00e1bado 24 de junio<\/strong> y que tendr\u00e1 lugar en horario vespertino.<\/p>\n<p><!--more--><\/p>\n<p>La Secretar\u00eda de Movilidad Ciudadana afectar\u00e1 para el dispositivo elaborado, personal de Inspectores de Infanter\u00eda de Tr\u00e1nsito junto a motoristas, patrulleros y gr\u00faa, quienes estar\u00e1n abocados a brindar la respectiva cobertura de seguridad y ordenamiento vial.<\/p>\n<p>Por su parte, la Secretar\u00eda de Protecci\u00f3n Ciudadana dispondr\u00e1 de Preventores Urbanos, Operadores de Emergencias, m\u00f3viles y motoristas quienes se ubicar\u00e1n a lo largo del trayecto ya definido por los organizadores.<\/p>\n<p>El operativo conjunto i<strong>niciar\u00e1 desde las 13 en los sectores previstos para el circuito establecido por la organizaci\u00f3n destinado a la procesi\u00f3n.<\/strong><\/p>\n<p>La concentraci\u00f3n de representantes de instituciones eclesi\u00e1sticas, educativas y de la feligres\u00eda est\u00e1 prevista para las 14:45 y desde ese momento se proceder\u00e1 al despeje vehicular sobre avenida Belgrano desde Balcarce a Mitre a los fines de facilitar la salida de la imagen del Sagrado Coraz\u00f3n de Jes\u00fas.<\/p>\n<p>El recorrido, a partir de las 15 ser\u00e1 el siguiente: <strong>avenida Belgrano (en contramano)- Balcarce- General G\u00fcemes- avenida Sarmiento- avenida Belgrano- retorno al templo-<\/strong><\/p>\n<p>Los cortes previstos son los siguientes:<\/p>\n<p><strong>-Avenida Belgrano y Av. Sarmiento<\/strong><\/p>\n<p><strong>-Mitre y General G\u00fcemes<\/strong><\/p>\n<p><strong>-Avenida Sarmiento y Santiago del Estero<\/strong><\/p>\n<p><strong>-20 de Febrero y Santiago del Estero<\/strong><\/p>\n<p><strong>-Pasaje Castro y Avenida Belgrano<\/strong><\/p>\n<p>Posteriormente, se celebrar\u00e1 la Santa Misa y al finalizar se proceder\u00e1 a la desconcentraci\u00f3n de los asistentes, por lo que se recomienda a quienes deban transitar por la zona afectada al dispositivo reducir la velocidad y atender a las indicaciones del personal uniformado.<\/p>\n","protected":false},"excerpt":{"rendered":"<p>La Municipalidad de Salta diagram\u00f3 un operativo especial con motivo de la festividad religiosa del Sagrado Coraz\u00f3n de Jes\u00fas, prevista para el s\u00e1bado 24 de junio y que tendr\u00e1 lugar en horario vespertino.<\/p>\n","protected":false},"author":3,"featured_media":233905,"comment_status":"open","ping_status":"open","sticky":false,"template":"","format":"standard","meta":{"footnotes":""},"categories":[245],"tags":[326,126,327,324,325,249,328],"class_list":{"0":"post-233904","1":"post","2":"type-post","3":"status-publish","4":"format-standard","5":"has-post-thumbnail","7":"category-salta","8":"tag-iglesia","9":"tag-operativo-de-transito","10":"tag-procesion","11":"tag-religion","12":"tag-sagrado-corazon","13":"tag-salta","14":"tag-transito"},"_links":{"self":[{"href":"https:\/\/saltavecinal.com\/index.php\/wp-json\/wp\/v2\/posts\/233904"}],"collection":[{"href":"https:\/\/saltavecinal.com\/index.php\/wp-json\/wp\/v2\/posts"}],"about":[{"href":"https:\/\/saltavecinal.com\/index.php\/wp-json\/wp\/v2\/types\/post"}],"author":[{"embeddable":true,"href":"https:\/\/saltavecinal.com\/index.php\/wp-json\/wp\/v2\/users\/3"}],"replies":[{"embeddable":true,"href":"https:\/\/saltavecinal.com\/index.php\/wp-json\/wp\/v2\/comments?post=233904"}],"version-history":[{"count":1,"href":"https:\/\/saltavecinal.com\/index.php\/wp-json\/wp\/v2\/posts\/233904\/revisions"}],"predecessor-version":[{"id":233906,"href":"https:\/\/saltavecinal.com\/index.php\/wp-json\/wp\/v2\/posts\/233904\/revisions\/233906"}],"wp:featuredmedia":[{"embeddable":true,"href":"https:\/\/saltavecinal.com\/index.php\/wp-json\/wp\/v2\/media\/233905"}],"wp:attachment":[{"href":"https:\/\/saltavecinal.com\/index.php\/wp-json\/wp\/v2\/media?parent=233904"}],"wp:term":[{"taxonomy":"category","embeddable":true,"href":"https:\/\/saltavecinal.com\/index.php\/wp-json\/wp\/v2\/categories?post=233904"},{"taxonomy":"post_tag","embeddable":true,"href":"https:\/\/saltavecinal.com\/index.php\/wp-json\/wp\/v2\/tags?post=233904"}],"curies":[{"name":"wp","href":"https:\/\/api.w.org\/{rel}","templated":true}]}}