{"id":233910,"date":"2023-06-23T12:06:36","date_gmt":"2023-06-23T12:06:36","guid":{"rendered":"https:\/\/saltavecinal.com\/?p=233910"},"modified":"2023-06-23T12:09:48","modified_gmt":"2023-06-23T12:09:48","slug":"la-recuperacion-del-centro-vecinal-de-autodromo","status":"publish","type":"post","link":"https:\/\/saltavecinal.com\/index.php\/2023\/06\/23\/la-recuperacion-del-centro-vecinal-de-autodromo\/","title":{"rendered":"La recuperaci\u00f3n del Centro Vecinal de Aut\u00f3dromo"},"content":{"rendered":"<p>El Centro Vecinal de barrio Aut\u00f3dromo estuvo casi abandonado por a\u00f1os. Un grupo de vecinos decidi\u00f3 organizarse y tomar las riendas de recuperaci\u00f3n del edificio y de las gestiones necesarias para mejorar la calidad de vida de vecinos y vecinas de ese populoso barrio.<\/p>\n<p><!--more--><\/p>\n<p>Hablamos con integrantes de la actual comisi\u00f3n directiva del centro, <strong>Carlos Tisera y Marcelo Vega, este \u00faltimo, Presidente de la instituci\u00f3n.<\/strong><\/p>\n<p><iframe loading=\"lazy\" title=\"La recuperaci\u00f3n del Centro Vecinal de Aut\u00f3dromo\" width=\"696\" height=\"392\" src=\"https:\/\/www.youtube.com\/embed\/31THo5eSY98?feature=oembed\" frameborder=\"0\" allow=\"accelerometer; autoplay; clipboard-write; encrypted-media; gyroscope; picture-in-picture; web-share\" allowfullscreen><\/iframe><\/p>\n","protected":false},"excerpt":{"rendered":"<p>El Centro Vecinal de barrio Aut\u00f3dromo estuvo casi abandonado por a\u00f1os. Un grupo de vecinos decidi\u00f3 organizarse y tomar las riendas de recuperaci\u00f3n del edificio y de las gestiones necesarias para mejorar la calidad de vida de vecinos y vecinas de ese populoso barrio.<\/p>\n","protected":false},"author":3,"featured_media":233913,"comment_status":"open","ping_status":"open","sticky":false,"template":"","format":"standard","meta":{"footnotes":""},"categories":[246],"tags":[337,335,276,249,336],"class_list":{"0":"post-233910","1":"post","2":"type-post","3":"status-publish","4":"format-standard","5":"has-post-thumbnail","7":"category-videos","8":"tag-actividades","9":"tag-autodromo","10":"tag-centro-vecinal","11":"tag-salta","12":"tag-zona-este"},"_links":{"self":[{"href":"https:\/\/saltavecinal.com\/index.php\/wp-json\/wp\/v2\/posts\/233910"}],"collection":[{"href":"https:\/\/saltavecinal.com\/index.php\/wp-json\/wp\/v2\/posts"}],"about":[{"href":"https:\/\/saltavecinal.com\/index.php\/wp-json\/wp\/v2\/types\/post"}],"author":[{"embeddable":true,"href":"https:\/\/saltavecinal.com\/index.php\/wp-json\/wp\/v2\/users\/3"}],"replies":[{"embeddable":true,"href":"https:\/\/saltavecinal.com\/index.php\/wp-json\/wp\/v2\/comments?post=233910"}],"version-history":[{"count":2,"href":"https:\/\/saltavecinal.com\/index.php\/wp-json\/wp\/v2\/posts\/233910\/revisions"}],"predecessor-version":[{"id":233912,"href":"https:\/\/saltavecinal.com\/index.php\/wp-json\/wp\/v2\/posts\/233910\/revisions\/233912"}],"wp:featuredmedia":[{"embeddable":true,"href":"https:\/\/saltavecinal.com\/index.php\/wp-json\/wp\/v2\/media\/233913"}],"wp:attachment":[{"href":"https:\/\/saltavecinal.com\/index.php\/wp-json\/wp\/v2\/media?parent=233910"}],"wp:term":[{"taxonomy":"category","embeddable":true,"href":"https:\/\/saltavecinal.com\/index.php\/wp-json\/wp\/v2\/categories?post=233910"},{"taxonomy":"post_tag","embeddable":true,"href":"https:\/\/saltavecinal.com\/index.php\/wp-json\/wp\/v2\/tags?post=233910"}],"curies":[{"name":"wp","href":"https:\/\/api.w.org\/{rel}","templated":true}]}}