{"id":233924,"date":"2023-07-31T19:10:14","date_gmt":"2023-07-31T19:10:14","guid":{"rendered":"https:\/\/saltavecinal.com\/?p=233924"},"modified":"2023-08-01T19:14:53","modified_gmt":"2023-08-01T19:14:53","slug":"el-barrio-grand-bourg-tendra-una-nueva-plaza","status":"publish","type":"post","link":"https:\/\/saltavecinal.com\/index.php\/2023\/07\/31\/el-barrio-grand-bourg-tendra-una-nueva-plaza\/","title":{"rendered":"El barrio Grand Bourg tendr\u00e1 una nueva plaza"},"content":{"rendered":"<p>Se trabaja en la construcci\u00f3n de una <strong>nueva plaza en el barrio Grand Bourg para beneficiar a m\u00e1s de 260 familias<\/strong> que contar\u00e1n con un nuevo punto de esparcimiento e integraci\u00f3n. Se trata de un proyecto pensado por la Municipalidad para convocar a vecinos de todas las edades.<\/p>\n<p><!--more--><\/p>\n<p>La obra, que <strong>tambi\u00e9n alcanzar\u00e1 a los vecinos del barrio Las Le\u00f1as II, Las Magdalenas<\/strong>, entre otros de la zona oeste, cuenta con un <strong>avance del 40 por ciento<\/strong>. Actualmente est\u00e1n finalizando los trabajos de cimentaciones y movimientos de suelo, con armado de muros de contenci\u00f3n.<\/p>\n<p>La plaza tendr\u00e1 un dise\u00f1o particular entre plaza y parque. El cual generar\u00e1 una importante mejora en el lugar con un impacto hacia la futura apertura y conexi\u00f3n de la calle Figueroa Alcorta con la avenida Belgrano.<\/p>\n<p>Se trata de una <strong>plaza que ser\u00e1 inclusiva, tendr\u00e1 rampas y tambi\u00e9n iluminaci\u00f3n<\/strong> aportando a la seguridad del sector.<\/p>\n<p>En tanto, por su particular ubicaci\u00f3n en una zona elevada y amplia, este dise\u00f1o busca enriquecer y profundizar la particular vista de la ciudad, generando tambi\u00e9n espacios de recorrido y permanencia.<\/p>\n","protected":false},"excerpt":{"rendered":"<p>Se trabaja en la construcci\u00f3n de una nueva plaza en el barrio Grand Bourg para beneficiar a m\u00e1s de 260 familias que contar\u00e1n con un nuevo punto de esparcimiento e integraci\u00f3n. Se trata de un proyecto pensado por la Municipalidad para convocar a vecinos de todas las edades.<\/p>\n","protected":false},"author":3,"featured_media":233925,"comment_status":"open","ping_status":"open","sticky":false,"template":"","format":"standard","meta":{"footnotes":""},"categories":[245],"tags":[339,217,186,340,168,338,249,252],"class_list":{"0":"post-233924","1":"post","2":"type-post","3":"status-publish","4":"format-standard","5":"has-post-thumbnail","7":"category-salta","8":"tag-barrio-grand-bourg","9":"tag-iluminacion","10":"tag-iluminacion-led","11":"tag-inclusion","12":"tag-obras","13":"tag-plaza","14":"tag-salta","15":"tag-zona-oeste"},"_links":{"self":[{"href":"https:\/\/saltavecinal.com\/index.php\/wp-json\/wp\/v2\/posts\/233924"}],"collection":[{"href":"https:\/\/saltavecinal.com\/index.php\/wp-json\/wp\/v2\/posts"}],"about":[{"href":"https:\/\/saltavecinal.com\/index.php\/wp-json\/wp\/v2\/types\/post"}],"author":[{"embeddable":true,"href":"https:\/\/saltavecinal.com\/index.php\/wp-json\/wp\/v2\/users\/3"}],"replies":[{"embeddable":true,"href":"https:\/\/saltavecinal.com\/index.php\/wp-json\/wp\/v2\/comments?post=233924"}],"version-history":[{"count":1,"href":"https:\/\/saltavecinal.com\/index.php\/wp-json\/wp\/v2\/posts\/233924\/revisions"}],"predecessor-version":[{"id":233926,"href":"https:\/\/saltavecinal.com\/index.php\/wp-json\/wp\/v2\/posts\/233924\/revisions\/233926"}],"wp:featuredmedia":[{"embeddable":true,"href":"https:\/\/saltavecinal.com\/index.php\/wp-json\/wp\/v2\/media\/233925"}],"wp:attachment":[{"href":"https:\/\/saltavecinal.com\/index.php\/wp-json\/wp\/v2\/media?parent=233924"}],"wp:term":[{"taxonomy":"category","embeddable":true,"href":"https:\/\/saltavecinal.com\/index.php\/wp-json\/wp\/v2\/categories?post=233924"},{"taxonomy":"post_tag","embeddable":true,"href":"https:\/\/saltavecinal.com\/index.php\/wp-json\/wp\/v2\/tags?post=233924"}],"curies":[{"name":"wp","href":"https:\/\/api.w.org\/{rel}","templated":true}]}}