{"id":233946,"date":"2023-09-06T00:43:15","date_gmt":"2023-09-06T00:43:15","guid":{"rendered":"https:\/\/saltavecinal.com\/?p=233946"},"modified":"2023-09-06T01:12:51","modified_gmt":"2023-09-06T01:12:51","slug":"feria-de-b-palermo-temen-una-ola-de-robos","status":"publish","type":"post","link":"https:\/\/saltavecinal.com\/index.php\/2023\/09\/06\/feria-de-b-palermo-temen-una-ola-de-robos\/","title":{"rendered":"Feria de B\u00b0 Palermo: temen una ola de robos"},"content":{"rendered":"<p>En di\u00e1logo con Salta Vecinal la Presidenta del Centro Vecinal de barrio Palermo I, Eugenia Godoy, se refiri\u00f3 a los robos que existieron en la populosa feria.<\/p>\n<p><!--more--><\/p>\n<p>La preocupaci\u00f3n se apoya en los<strong> saqueos o robos en banda<\/strong> que sufrieron distintos comercios en el pa\u00eds. La referenta barrial asegur\u00f3 que se vio a un <strong>grupo de jovenes que intent\u00f3 robar<\/strong> en banda a los feriantes.<\/p>\n<p>Pero no todas son malas noticias, la dirigenta se refiri\u00f3 tambi\u00e9n a los <strong>logros obtenidos<\/strong> por vecinas en una competici\u00f3n de danzas cl\u00e1sicas.<\/p>\n<div class=\"youtube-embed\" data-video_id=\"bwRu6zI0GOM\"><iframe loading=\"lazy\" title=\"Feria de B\u00b0 Palermo: Vecinos temen una ola de robos\" width=\"696\" height=\"392\" src=\"https:\/\/www.youtube.com\/embed\/bwRu6zI0GOM?feature=oembed&#038;enablejsapi=1\" frameborder=\"0\" allow=\"accelerometer; autoplay; clipboard-write; encrypted-media; gyroscope; picture-in-picture; web-share\" allowfullscreen><\/iframe><\/div>\n","protected":false},"excerpt":{"rendered":"<p>En di\u00e1logo con Salta Vecinal la Presidenta del Centro Vecinal de barrio Palermo I, Eugenia Godoy, se refiri\u00f3 a los robos que existieron en la populosa feria.<\/p>\n","protected":false},"author":3,"featured_media":233966,"comment_status":"open","ping_status":"open","sticky":false,"template":"","format":"video","meta":{"footnotes":""},"categories":[246],"tags":[],"class_list":{"0":"post-233946","1":"post","2":"type-post","3":"status-publish","4":"format-video","5":"has-post-thumbnail","7":"category-videos","8":"post_format-post-format-video"},"_links":{"self":[{"href":"https:\/\/saltavecinal.com\/index.php\/wp-json\/wp\/v2\/posts\/233946"}],"collection":[{"href":"https:\/\/saltavecinal.com\/index.php\/wp-json\/wp\/v2\/posts"}],"about":[{"href":"https:\/\/saltavecinal.com\/index.php\/wp-json\/wp\/v2\/types\/post"}],"author":[{"embeddable":true,"href":"https:\/\/saltavecinal.com\/index.php\/wp-json\/wp\/v2\/users\/3"}],"replies":[{"embeddable":true,"href":"https:\/\/saltavecinal.com\/index.php\/wp-json\/wp\/v2\/comments?post=233946"}],"version-history":[{"count":2,"href":"https:\/\/saltavecinal.com\/index.php\/wp-json\/wp\/v2\/posts\/233946\/revisions"}],"predecessor-version":[{"id":233949,"href":"https:\/\/saltavecinal.com\/index.php\/wp-json\/wp\/v2\/posts\/233946\/revisions\/233949"}],"wp:featuredmedia":[{"embeddable":true,"href":"https:\/\/saltavecinal.com\/index.php\/wp-json\/wp\/v2\/media\/233966"}],"wp:attachment":[{"href":"https:\/\/saltavecinal.com\/index.php\/wp-json\/wp\/v2\/media?parent=233946"}],"wp:term":[{"taxonomy":"category","embeddable":true,"href":"https:\/\/saltavecinal.com\/index.php\/wp-json\/wp\/v2\/categories?post=233946"},{"taxonomy":"post_tag","embeddable":true,"href":"https:\/\/saltavecinal.com\/index.php\/wp-json\/wp\/v2\/tags?post=233946"}],"curies":[{"name":"wp","href":"https:\/\/api.w.org\/{rel}","templated":true}]}}