{"id":233950,"date":"2023-09-06T00:49:41","date_gmt":"2023-09-06T00:49:41","guid":{"rendered":"https:\/\/saltavecinal.com\/?p=233950"},"modified":"2023-09-06T00:49:41","modified_gmt":"2023-09-06T00:49:41","slug":"castanares-tu-grato-nombre","status":"publish","type":"post","link":"https:\/\/saltavecinal.com\/index.php\/2023\/09\/06\/castanares-tu-grato-nombre\/","title":{"rendered":"Casta\u00f1ares: tu grato nombre"},"content":{"rendered":"<p>Alejandro Guti\u00e9rrez, actual Presidente del Club Casta\u00f1ares, nos cont\u00f3 el trabajo a pulm\u00f3n que vienen haciendo <strong>desde hace a\u00f1os<\/strong> en la instituci\u00f3n de zona norte.<\/p>\n<p><!--more--><br \/>\nActualmente <strong>desarrollan el f\u00fatbol infantil<\/strong> y participan en todas las divisiones inferiores de la Liga Salte\u00f1a de F\u00fatbol.<\/p>\n<p>Adem\u00e1s el dirigente, se detuvo para remarcar el trabajo en equipo con la comunidad, como as\u00ed tambi\u00e9n, el <strong>buen rendimiento que vienen teniendo las chicas en el f\u00fatbol femenino.<\/strong><\/p>\n<div class=\"youtube-embed\" data-video_id=\"89nhXhv6WUQ\"><iframe loading=\"lazy\" title=\"Casta\u00f1ares: tu grato nombre\" width=\"696\" height=\"392\" src=\"https:\/\/www.youtube.com\/embed\/89nhXhv6WUQ?feature=oembed&#038;enablejsapi=1\" frameborder=\"0\" allow=\"accelerometer; autoplay; clipboard-write; encrypted-media; gyroscope; picture-in-picture; web-share\" allowfullscreen><\/iframe><\/div>\n","protected":false},"excerpt":{"rendered":"<p>Alejandro Guti\u00e9rrez, actual Presidente del Club Casta\u00f1ares, nos cont\u00f3 el trabajo a pulm\u00f3n que vienen haciendo desde hace a\u00f1os en la instituci\u00f3n de zona norte.<\/p>\n","protected":false},"author":3,"featured_media":233951,"comment_status":"open","ping_status":"open","sticky":false,"template":"","format":"video","meta":{"footnotes":""},"categories":[246],"tags":[374,283,373,368,372,369,371,370,284],"class_list":{"0":"post-233950","1":"post","2":"type-post","3":"status-publish","4":"format-video","5":"has-post-thumbnail","7":"category-videos","8":"tag-campeon","9":"tag-castanares","10":"tag-divisiones-inferiores","11":"tag-futbol-salta","12":"tag-infantil","13":"tag-liga-saltena-de-futbol","14":"tag-ninas","15":"tag-ninos","16":"tag-zona-norte","17":"post_format-post-format-video"},"_links":{"self":[{"href":"https:\/\/saltavecinal.com\/index.php\/wp-json\/wp\/v2\/posts\/233950"}],"collection":[{"href":"https:\/\/saltavecinal.com\/index.php\/wp-json\/wp\/v2\/posts"}],"about":[{"href":"https:\/\/saltavecinal.com\/index.php\/wp-json\/wp\/v2\/types\/post"}],"author":[{"embeddable":true,"href":"https:\/\/saltavecinal.com\/index.php\/wp-json\/wp\/v2\/users\/3"}],"replies":[{"embeddable":true,"href":"https:\/\/saltavecinal.com\/index.php\/wp-json\/wp\/v2\/comments?post=233950"}],"version-history":[{"count":1,"href":"https:\/\/saltavecinal.com\/index.php\/wp-json\/wp\/v2\/posts\/233950\/revisions"}],"predecessor-version":[{"id":233952,"href":"https:\/\/saltavecinal.com\/index.php\/wp-json\/wp\/v2\/posts\/233950\/revisions\/233952"}],"wp:featuredmedia":[{"embeddable":true,"href":"https:\/\/saltavecinal.com\/index.php\/wp-json\/wp\/v2\/media\/233951"}],"wp:attachment":[{"href":"https:\/\/saltavecinal.com\/index.php\/wp-json\/wp\/v2\/media?parent=233950"}],"wp:term":[{"taxonomy":"category","embeddable":true,"href":"https:\/\/saltavecinal.com\/index.php\/wp-json\/wp\/v2\/categories?post=233950"},{"taxonomy":"post_tag","embeddable":true,"href":"https:\/\/saltavecinal.com\/index.php\/wp-json\/wp\/v2\/tags?post=233950"}],"curies":[{"name":"wp","href":"https:\/\/api.w.org\/{rel}","templated":true}]}}