{"id":233975,"date":"2023-09-13T00:59:31","date_gmt":"2023-09-13T00:59:31","guid":{"rendered":"https:\/\/saltavecinal.com\/?p=233975"},"modified":"2023-09-13T00:59:31","modified_gmt":"2023-09-13T00:59:31","slug":"abriran-una-sede-de-la-upateco-en-rosario-de-lerma","status":"publish","type":"post","link":"https:\/\/saltavecinal.com\/index.php\/2023\/09\/13\/abriran-una-sede-de-la-upateco-en-rosario-de-lerma\/","title":{"rendered":"Abrir\u00e1n una sede de la UPATECO en Rosario de Lerma"},"content":{"rendered":"<p><strong>El rector de la UPATecO, Carlos Morello y el intendente de Rosario de Lerma, Enrique Mart\u00ednez<\/strong>, junto a sus equipos t\u00e9cnicos, recorrieron el edificio de la Universidad Provincial en esa localidad, que se i<strong>naugurar\u00e1 pr\u00f3ximamente<\/strong> y se dictar\u00e1n carreras relacionadas a la econom\u00eda del conocimiento, el turismo, miner\u00eda y producci\u00f3n agropecuaria. La nueva sede de la UPATecO contar\u00e1 con aulas totalmente equipadas para el dictado de clases presenciales y virtuales, <strong>sala de inform\u00e1tica y SUM.<\/strong><\/p>\n<p><!--more--><\/p>\n<p>\u201cLa Universidad Provincial sigue creciendo para brindar oportunidades de formaci\u00f3n que se adec\u00faa a la demanda del mercado laboral de acuerdo a los perfiles requeridos en cada regi\u00f3n\u201d, dijo Morello. Al tiempo que inform\u00f3 que <strong>\u201cestamos ultimando los preparativos para la inauguraci\u00f3n de la sede de la UPATecO en Rosario de Lerma, la primera sede propia en el interior de la Provincia\u201d<\/strong>, adem\u00e1s destac\u00f3 el trabajo articulado entre el Gobierno Provincial y el Municipio.<\/p>\n<p>\u201cEstamos demostrando la presencia del Estado en toda la Provincia con capacitaciones gratuitas. La UPATecO es pol\u00edtica de Estado, una <strong>visi\u00f3n del gobernador S\u00e1enz de crear una Universidad federal y p\u00fablica<\/strong> para igualar oportunidades para todos los salte\u00f1os y salte\u00f1as\u201d, finaliz\u00f3 Morello.<\/p>\n","protected":false},"excerpt":{"rendered":"<p>El rector de la UPATecO, Carlos Morello y el intendente de Rosario de Lerma, Enrique Mart\u00ednez, junto a sus equipos t\u00e9cnicos, recorrieron el edificio de la Universidad Provincial en esa localidad, que se inaugurar\u00e1 pr\u00f3ximamente y se dictar\u00e1n carreras relacionadas a la econom\u00eda del conocimiento, el turismo, miner\u00eda y producci\u00f3n agropecuaria. La nueva sede de [&hellip;]<\/p>\n","protected":false},"author":3,"featured_media":233976,"comment_status":"open","ping_status":"open","sticky":false,"template":"","format":"standard","meta":{"footnotes":""},"categories":[247],"tags":[402,400,398,349,399,401,397],"class_list":{"0":"post-233975","1":"post","2":"type-post","3":"status-publish","4":"format-standard","5":"has-post-thumbnail","7":"category-metropolitana","8":"tag-cursos","9":"tag-martinez","10":"tag-morello","11":"tag-rosario-de-lerma","12":"tag-saenz","13":"tag-universidad","14":"tag-upateco"},"_links":{"self":[{"href":"https:\/\/saltavecinal.com\/index.php\/wp-json\/wp\/v2\/posts\/233975"}],"collection":[{"href":"https:\/\/saltavecinal.com\/index.php\/wp-json\/wp\/v2\/posts"}],"about":[{"href":"https:\/\/saltavecinal.com\/index.php\/wp-json\/wp\/v2\/types\/post"}],"author":[{"embeddable":true,"href":"https:\/\/saltavecinal.com\/index.php\/wp-json\/wp\/v2\/users\/3"}],"replies":[{"embeddable":true,"href":"https:\/\/saltavecinal.com\/index.php\/wp-json\/wp\/v2\/comments?post=233975"}],"version-history":[{"count":1,"href":"https:\/\/saltavecinal.com\/index.php\/wp-json\/wp\/v2\/posts\/233975\/revisions"}],"predecessor-version":[{"id":233977,"href":"https:\/\/saltavecinal.com\/index.php\/wp-json\/wp\/v2\/posts\/233975\/revisions\/233977"}],"wp:featuredmedia":[{"embeddable":true,"href":"https:\/\/saltavecinal.com\/index.php\/wp-json\/wp\/v2\/media\/233976"}],"wp:attachment":[{"href":"https:\/\/saltavecinal.com\/index.php\/wp-json\/wp\/v2\/media?parent=233975"}],"wp:term":[{"taxonomy":"category","embeddable":true,"href":"https:\/\/saltavecinal.com\/index.php\/wp-json\/wp\/v2\/categories?post=233975"},{"taxonomy":"post_tag","embeddable":true,"href":"https:\/\/saltavecinal.com\/index.php\/wp-json\/wp\/v2\/tags?post=233975"}],"curies":[{"name":"wp","href":"https:\/\/api.w.org\/{rel}","templated":true}]}}