{"id":233987,"date":"2024-03-05T23:40:59","date_gmt":"2024-03-05T23:40:59","guid":{"rendered":"https:\/\/saltavecinal.com\/?p=233987"},"modified":"2024-03-05T23:40:59","modified_gmt":"2024-03-05T23:40:59","slug":"paso-la-muestra-bicis-y-poesia","status":"publish","type":"post","link":"https:\/\/saltavecinal.com\/index.php\/2024\/03\/05\/paso-la-muestra-bicis-y-poesia\/","title":{"rendered":"Pas\u00f3 la muestra \u00abBicis y Poes\u00eda\u00bb"},"content":{"rendered":"<p>La muestra es del fot\u00f3grafo <strong>Gustavo Tolaba Piu<\/strong>. La exhibici\u00f3n de im\u00e1genes sum\u00f3 bicicletas el\u00e9ctricas para recordar el d\u00eda de la eficiencia energ\u00e9tica.<\/p>\n<p>Para Tolaba, las fotos y las bicicletas conforman una mezcla curiosa de colores, lugares o situaciones que unen su profesi\u00f3n de fot\u00f3grafo con su pasi\u00f3n por las bicis. Actualmente se encuentra viviendo en Espa\u00f1a, pero tuvo la suerte de viajar y volver a su ciudad natal, Salta, donde expuso su arte. Ah\u00ed fue cuando paseando en su bicicleta, se encontr\u00f3 con una pared con frases muy bonitas, cortas y potentes, las cuales pertenec\u00edan al grupo \u201cAcci\u00f3n Po\u00e9tica Salta\u201d. <strong>Por este motivo decidi\u00f3 colocar su bici sobre esas paredes con poes\u00edas, fotografiarlas y recorrer la ciudad buscando m\u00e1s frases.<\/strong><\/p>\n<p>Desde la Agencia Cultura Activa destacaron la participaci\u00f3n del artista, teniendo en cuenta que es importante <strong>fomentar el arte<\/strong>. \u201cEsta idea surge por medio de la gente de Ambiente y nos pareci\u00f3 muy buena para fomentar el arte exponiendo algunas de las muestras de este gran artista\u201d, dijo Gustavo Franceschi.<\/p>\n","protected":false},"excerpt":{"rendered":"<p>La muestra es del fot\u00f3grafo Gustavo Tolaba Piu. La exhibici\u00f3n de im\u00e1genes sum\u00f3 bicicletas el\u00e9ctricas para recordar el d\u00eda de la eficiencia energ\u00e9tica. Para Tolaba, las fotos y las bicicletas conforman una mezcla curiosa de colores, lugares o situaciones que unen su profesi\u00f3n de fot\u00f3grafo con su pasi\u00f3n por las bicis. Actualmente se encuentra viviendo [&hellip;]<\/p>\n","protected":false},"author":3,"featured_media":233988,"comment_status":"open","ping_status":"open","sticky":false,"template":"","format":"standard","meta":{"footnotes":""},"categories":[245],"tags":[408,23,410,409,249],"class_list":{"0":"post-233987","1":"post","2":"type-post","3":"status-publish","4":"format-standard","5":"has-post-thumbnail","7":"category-salta","8":"tag-arte","9":"tag-bicicletas","10":"tag-cultura-activa","11":"tag-poesia","12":"tag-salta"},"_links":{"self":[{"href":"https:\/\/saltavecinal.com\/index.php\/wp-json\/wp\/v2\/posts\/233987"}],"collection":[{"href":"https:\/\/saltavecinal.com\/index.php\/wp-json\/wp\/v2\/posts"}],"about":[{"href":"https:\/\/saltavecinal.com\/index.php\/wp-json\/wp\/v2\/types\/post"}],"author":[{"embeddable":true,"href":"https:\/\/saltavecinal.com\/index.php\/wp-json\/wp\/v2\/users\/3"}],"replies":[{"embeddable":true,"href":"https:\/\/saltavecinal.com\/index.php\/wp-json\/wp\/v2\/comments?post=233987"}],"version-history":[{"count":1,"href":"https:\/\/saltavecinal.com\/index.php\/wp-json\/wp\/v2\/posts\/233987\/revisions"}],"predecessor-version":[{"id":233989,"href":"https:\/\/saltavecinal.com\/index.php\/wp-json\/wp\/v2\/posts\/233987\/revisions\/233989"}],"wp:featuredmedia":[{"embeddable":true,"href":"https:\/\/saltavecinal.com\/index.php\/wp-json\/wp\/v2\/media\/233988"}],"wp:attachment":[{"href":"https:\/\/saltavecinal.com\/index.php\/wp-json\/wp\/v2\/media?parent=233987"}],"wp:term":[{"taxonomy":"category","embeddable":true,"href":"https:\/\/saltavecinal.com\/index.php\/wp-json\/wp\/v2\/categories?post=233987"},{"taxonomy":"post_tag","embeddable":true,"href":"https:\/\/saltavecinal.com\/index.php\/wp-json\/wp\/v2\/tags?post=233987"}],"curies":[{"name":"wp","href":"https:\/\/api.w.org\/{rel}","templated":true}]}}