{"id":234020,"date":"2024-03-26T00:31:12","date_gmt":"2024-03-26T00:31:12","guid":{"rendered":"https:\/\/saltavecinal.com\/?p=234020"},"modified":"2024-03-26T00:31:12","modified_gmt":"2024-03-26T00:31:12","slug":"amt-impulsa-cambios-en-el-transporte-interurbano","status":"publish","type":"post","link":"https:\/\/saltavecinal.com\/index.php\/2024\/03\/26\/amt-impulsa-cambios-en-el-transporte-interurbano\/","title":{"rendered":"AMT impulsa cambios en el transporte interurbano"},"content":{"rendered":"<p>La Autoridad Metropolitana de Transporte (AMT) impulsa acciones para <strong>optimizar el transporte interurbano.<\/strong> En una reciente convocatoria, se reunieron representantes de la <strong>Empresa Ale Hermanos, concejales y usuarios de Campo Quijano y la Quebrada del Toro<\/strong>, buscando agregar frecuencias al servicio y realizar retenciones de veh\u00edculos que operaban ilegalmente en la zona.<\/p>\n<p><!--more--><\/p>\n<p>El presidente de la AMT, Marcelo Ferraris, se reuni\u00f3 con concejales y vecinos de diferentes localidades para <strong>abordar preocupaciones sobre el transporte colectivo<\/strong>. Entre los pedidos destacados se encuentran la <strong>inclusi\u00f3n de m\u00e1s servicios durante la semana<\/strong>, especialmente en horas matutinas, <strong>y la implementaci\u00f3n de conexiones los fines de semana en rutas clave como Salta &#8211; Campo Quijano &#8211; San Antonio de los Cobres.<\/strong><\/p>\n<p>Ferraris subray\u00f3 la importancia del trabajo conjunto con municipios, usuarios y empresas para mejorar el sistema de transporte. Adem\u00e1s, inform\u00f3 sobre la <strong>retenci\u00f3n de veh\u00edculos<\/strong> que realizaban servicios ilegales en la regi\u00f3n y llam\u00f3 a la colaboraci\u00f3n de todos para optar por transporte legal y seguro, facilitando as\u00ed la expansi\u00f3n y mejora del servicio en funci\u00f3n de la demanda de pasajeros.<\/p>\n","protected":false},"excerpt":{"rendered":"<p>La Autoridad Metropolitana de Transporte (AMT) impulsa acciones para optimizar el transporte interurbano. En una reciente convocatoria, se reunieron representantes de la Empresa Ale Hermanos, concejales y usuarios de Campo Quijano y la Quebrada del Toro, buscando agregar frecuencias al servicio y realizar retenciones de veh\u00edculos que operaban ilegalmente en la zona.<\/p>\n","protected":false},"author":3,"featured_media":234021,"comment_status":"open","ping_status":"open","sticky":false,"template":"","format":"standard","meta":{"footnotes":""},"categories":[247],"tags":[437,435,438,439,436,328,348],"class_list":{"0":"post-234020","1":"post","2":"type-post","3":"status-publish","4":"format-standard","5":"has-post-thumbnail","7":"category-metropolitana","8":"tag-amt","9":"tag-colectivos","10":"tag-interurbano","11":"tag-municipios","12":"tag-saeta","13":"tag-transito","14":"tag-valle-de-lerma"},"_links":{"self":[{"href":"https:\/\/saltavecinal.com\/index.php\/wp-json\/wp\/v2\/posts\/234020"}],"collection":[{"href":"https:\/\/saltavecinal.com\/index.php\/wp-json\/wp\/v2\/posts"}],"about":[{"href":"https:\/\/saltavecinal.com\/index.php\/wp-json\/wp\/v2\/types\/post"}],"author":[{"embeddable":true,"href":"https:\/\/saltavecinal.com\/index.php\/wp-json\/wp\/v2\/users\/3"}],"replies":[{"embeddable":true,"href":"https:\/\/saltavecinal.com\/index.php\/wp-json\/wp\/v2\/comments?post=234020"}],"version-history":[{"count":1,"href":"https:\/\/saltavecinal.com\/index.php\/wp-json\/wp\/v2\/posts\/234020\/revisions"}],"predecessor-version":[{"id":234022,"href":"https:\/\/saltavecinal.com\/index.php\/wp-json\/wp\/v2\/posts\/234020\/revisions\/234022"}],"wp:featuredmedia":[{"embeddable":true,"href":"https:\/\/saltavecinal.com\/index.php\/wp-json\/wp\/v2\/media\/234021"}],"wp:attachment":[{"href":"https:\/\/saltavecinal.com\/index.php\/wp-json\/wp\/v2\/media?parent=234020"}],"wp:term":[{"taxonomy":"category","embeddable":true,"href":"https:\/\/saltavecinal.com\/index.php\/wp-json\/wp\/v2\/categories?post=234020"},{"taxonomy":"post_tag","embeddable":true,"href":"https:\/\/saltavecinal.com\/index.php\/wp-json\/wp\/v2\/tags?post=234020"}],"curies":[{"name":"wp","href":"https:\/\/api.w.org\/{rel}","templated":true}]}}