{"id":234023,"date":"2024-03-26T00:39:58","date_gmt":"2024-03-26T00:39:58","guid":{"rendered":"https:\/\/saltavecinal.com\/?p=234023"},"modified":"2024-03-26T00:39:58","modified_gmt":"2024-03-26T00:39:58","slug":"participacion-multitudinaria-en-la-semana-de-la-memoria-en-salta","status":"publish","type":"post","link":"https:\/\/saltavecinal.com\/index.php\/2024\/03\/26\/participacion-multitudinaria-en-la-semana-de-la-memoria-en-salta\/","title":{"rendered":"Participaci\u00f3n multitudinaria en la Semana de la Memoria en Salta"},"content":{"rendered":"<p><strong>M\u00e1s de dos mil personas se unieron<\/strong> a las diversas actividades de la Semana de la Memoria en Salta, conmemorando el 24 de marzo, d\u00eda nacional de la Memoria, la Verdad y la Justicia. La provincia, en colaboraci\u00f3n con la Secretar\u00eda de Derechos Humanos y la Comisi\u00f3n Provincial de la Memoria, organiz\u00f3 una <strong>serie de eventos informativos, de sensibilizaci\u00f3n y reflexi\u00f3n sobre la \u00faltima dictadura militar.<\/strong><\/p>\n<p><!--more--><\/p>\n<p>La iniciativa<strong> \u00abVoces y Memoria\u00bb<\/strong>, liderada por Facundo Hessling y respaldada por la Secretar\u00eda de Derechos Humanos, la Comisi\u00f3n Provincial de la Memoria y la Escuela de Comunicaci\u00f3n de la UNSa, present\u00f3 el Banco de Voces, disponible en Spotify y en el Archivo Provincial de la Memoria, para preservar testimonios.<\/p>\n<p>Diversos lugares fueron escenarios de estas actividades. <strong>En el I.E.M.<\/strong>, junto a la Agencia Provincial de la Juventud, se lanz\u00f3 el programa \u00abParticipaci\u00f3n J\u00f3venes y Memoria\u00bb para fomentar la participaci\u00f3n pol\u00edtica de los j\u00f3venes. <strong>En el CIC San Benito<\/strong>, con la Municipalidad, se llev\u00f3 a cabo \u00abMujeres y Memoria\u00bb, con un tendedero de fotos y una radio abierta. Tambi\u00e9n en <strong>el CIC de Gauchito Gil<\/strong>, se desarroll\u00f3 \u00abInfancias y Memoria\u00bb, con actividades l\u00fadicas y educativas sobre la historia de las Abuelas de Plaza de Mayo.<\/p>\n","protected":false},"excerpt":{"rendered":"<p>M\u00e1s de dos mil personas se unieron a las diversas actividades de la Semana de la Memoria en Salta, conmemorando el 24 de marzo, d\u00eda nacional de la Memoria, la Verdad y la Justicia. La provincia, en colaboraci\u00f3n con la Secretar\u00eda de Derechos Humanos y la Comisi\u00f3n Provincial de la Memoria, organiz\u00f3 una serie de [&hellip;]<\/p>\n","protected":false},"author":3,"featured_media":234024,"comment_status":"open","ping_status":"open","sticky":false,"template":"","format":"standard","meta":{"footnotes":""},"categories":[245],"tags":[443,250,329,99,446,444,442,440,249,445,441],"class_list":{"0":"post-234023","1":"post","2":"type-post","3":"status-publish","4":"format-standard","5":"has-post-thumbnail","7":"category-salta","8":"tag-24-de-marzo","9":"tag-barrios","10":"tag-cic","11":"tag-concientizacion","12":"tag-gauchito-gil","13":"tag-iem","14":"tag-justicia","15":"tag-memria","16":"tag-salta","17":"tag-san-benito","18":"tag-verdad"},"_links":{"self":[{"href":"https:\/\/saltavecinal.com\/index.php\/wp-json\/wp\/v2\/posts\/234023"}],"collection":[{"href":"https:\/\/saltavecinal.com\/index.php\/wp-json\/wp\/v2\/posts"}],"about":[{"href":"https:\/\/saltavecinal.com\/index.php\/wp-json\/wp\/v2\/types\/post"}],"author":[{"embeddable":true,"href":"https:\/\/saltavecinal.com\/index.php\/wp-json\/wp\/v2\/users\/3"}],"replies":[{"embeddable":true,"href":"https:\/\/saltavecinal.com\/index.php\/wp-json\/wp\/v2\/comments?post=234023"}],"version-history":[{"count":1,"href":"https:\/\/saltavecinal.com\/index.php\/wp-json\/wp\/v2\/posts\/234023\/revisions"}],"predecessor-version":[{"id":234025,"href":"https:\/\/saltavecinal.com\/index.php\/wp-json\/wp\/v2\/posts\/234023\/revisions\/234025"}],"wp:featuredmedia":[{"embeddable":true,"href":"https:\/\/saltavecinal.com\/index.php\/wp-json\/wp\/v2\/media\/234024"}],"wp:attachment":[{"href":"https:\/\/saltavecinal.com\/index.php\/wp-json\/wp\/v2\/media?parent=234023"}],"wp:term":[{"taxonomy":"category","embeddable":true,"href":"https:\/\/saltavecinal.com\/index.php\/wp-json\/wp\/v2\/categories?post=234023"},{"taxonomy":"post_tag","embeddable":true,"href":"https:\/\/saltavecinal.com\/index.php\/wp-json\/wp\/v2\/tags?post=234023"}],"curies":[{"name":"wp","href":"https:\/\/api.w.org\/{rel}","templated":true}]}}