{"id":234039,"date":"2024-04-16T20:55:14","date_gmt":"2024-04-16T20:55:14","guid":{"rendered":"https:\/\/saltavecinal.com\/?p=234039"},"modified":"2024-04-16T20:55:14","modified_gmt":"2024-04-16T20:55:14","slug":"unidos-por-el-agua-en-la-calderilla","status":"publish","type":"post","link":"https:\/\/saltavecinal.com\/index.php\/2024\/04\/16\/unidos-por-el-agua-en-la-calderilla\/","title":{"rendered":"Unidos por el Agua en La Calderilla"},"content":{"rendered":"<p>Ignacio Jars\u00fan, presidente de Aguas del Norte, se reuni\u00f3 con <strong>representantes vecinales de La Calderilla<\/strong> para discutir estrategias de mejora en el suministro de agua y facilitar el proceso de <strong>reempadronamiento de usuarios<\/strong>. Durante la reuni\u00f3n, los vecinos expresaron su agradecimiento por las mejoras implementadas el a\u00f1o anterior, destacando espec\u00edficamente una obra que permiti\u00f3 optimizar <strong>el acceso y la calidad del servicio<\/strong> para los habitantes de la zona.<\/p>\n<p>Entre los temas abordados, se destac\u00f3 la importancia de establecer un mecanismo efectivo de reempadronamiento que permita a aquellos en situaci\u00f3n econ\u00f3mica desfavorable acceder a tarifas sociales. Los representantes vecinales se ofrecieron como <strong>intermediarios para colaborar en este proceso<\/strong> y facilitar la identificaci\u00f3n de aquellos que requieren de este beneficio.<\/p>\n<p>Por su parte, Jars\u00fan reafirm\u00f3 el compromiso de Aguas del Norte en mantener un di\u00e1logo abierto y constructivo con la comunidad, con el objetivo de <strong>atender sus necesidades de manera eficiente y oportuna.<\/strong> Esta colaboraci\u00f3n entre empresa y comunidad refleja un esfuerzo conjunto por garantizar un acceso equitativo al agua potable en La Calderilla, demostrando as\u00ed el impacto positivo que puede lograrse a trav\u00e9s de la cooperaci\u00f3n y el trabajo en equipo.<\/p>\n","protected":false},"excerpt":{"rendered":"<p>Ignacio Jars\u00fan, presidente de Aguas del Norte, se reuni\u00f3 con representantes vecinales de La Calderilla para discutir estrategias de mejora en el suministro de agua y facilitar el proceso de reempadronamiento de usuarios. Durante la reuni\u00f3n, los vecinos expresaron su agradecimiento por las mejoras implementadas el a\u00f1o anterior, destacando espec\u00edficamente una obra que permiti\u00f3 optimizar [&hellip;]<\/p>\n","protected":false},"author":3,"featured_media":234040,"comment_status":"open","ping_status":"open","sticky":false,"template":"","format":"standard","meta":{"footnotes":""},"categories":[247],"tags":[301,453,454,451,450,452,249,384],"class_list":{"0":"post-234039","1":"post","2":"type-post","3":"status-publish","4":"format-standard","5":"has-post-thumbnail","7":"category-metropolitana","8":"tag-agua","9":"tag-colaboracion","10":"tag-compromiso","11":"tag-jarsun","12":"tag-la-calderilla","13":"tag-quejas","14":"tag-salta","15":"tag-vecinos"},"_links":{"self":[{"href":"https:\/\/saltavecinal.com\/index.php\/wp-json\/wp\/v2\/posts\/234039"}],"collection":[{"href":"https:\/\/saltavecinal.com\/index.php\/wp-json\/wp\/v2\/posts"}],"about":[{"href":"https:\/\/saltavecinal.com\/index.php\/wp-json\/wp\/v2\/types\/post"}],"author":[{"embeddable":true,"href":"https:\/\/saltavecinal.com\/index.php\/wp-json\/wp\/v2\/users\/3"}],"replies":[{"embeddable":true,"href":"https:\/\/saltavecinal.com\/index.php\/wp-json\/wp\/v2\/comments?post=234039"}],"version-history":[{"count":1,"href":"https:\/\/saltavecinal.com\/index.php\/wp-json\/wp\/v2\/posts\/234039\/revisions"}],"predecessor-version":[{"id":234041,"href":"https:\/\/saltavecinal.com\/index.php\/wp-json\/wp\/v2\/posts\/234039\/revisions\/234041"}],"wp:featuredmedia":[{"embeddable":true,"href":"https:\/\/saltavecinal.com\/index.php\/wp-json\/wp\/v2\/media\/234040"}],"wp:attachment":[{"href":"https:\/\/saltavecinal.com\/index.php\/wp-json\/wp\/v2\/media?parent=234039"}],"wp:term":[{"taxonomy":"category","embeddable":true,"href":"https:\/\/saltavecinal.com\/index.php\/wp-json\/wp\/v2\/categories?post=234039"},{"taxonomy":"post_tag","embeddable":true,"href":"https:\/\/saltavecinal.com\/index.php\/wp-json\/wp\/v2\/tags?post=234039"}],"curies":[{"name":"wp","href":"https:\/\/api.w.org\/{rel}","templated":true}]}}