{"id":234042,"date":"2024-04-16T21:11:06","date_gmt":"2024-04-16T21:11:06","guid":{"rendered":"https:\/\/saltavecinal.com\/?p=234042"},"modified":"2024-04-16T21:11:06","modified_gmt":"2024-04-16T21:11:06","slug":"presentaron-la-media-maraton-new-balance","status":"publish","type":"post","link":"https:\/\/saltavecinal.com\/index.php\/2024\/04\/16\/presentaron-la-media-maraton-new-balance\/","title":{"rendered":"Presentaron la Media Marat\u00f3n New Balance"},"content":{"rendered":"<p>Se llev\u00f3 a cabo la presentaci\u00f3n oficial de la esperada <strong>Media Marat\u00f3n New Balance<\/strong> en el emblem\u00e1tico Patio San Francisco, ubicado en C\u00f3rdoba 33. El evento cont\u00f3 con la presencia destacada del <strong>intendente Emiliano Durand<\/strong>, el presidente de la Agencia Deportes Salta <strong>Ezequiel Barraguirre<\/strong> y el <strong>gerente de New Balance Argentina, Dar\u00edo Musolino,<\/strong> entre otros l\u00edderes.<\/p>\n<p><!--more--><\/p>\n<p>Programada para el 26 de mayo, la competencia ya cuenta con m\u00e1s de 400 inscriptos y <strong>se espera la participaci\u00f3n de 2000 corredores.<\/strong> La marat\u00f3n ofrece dos modalidades: una de <strong>10 kil\u00f3metros<\/strong>, con una tarifa de inscripci\u00f3n de 14 mil pesos, y otra de <strong>21 kil\u00f3metros<\/strong>, a un costo de 17 mil pesos.<\/p>\n<p><strong>Ezequiel Barraguirre destac\u00f3 la importancia de este evento para la ciudad<\/strong> y agradeci\u00f3 el respaldo de New Balance como principal patrocinador. Por su parte, Dar\u00edo Musolino invit\u00f3 a todos a formar parte de esta experiencia \u00fanica bajo el lema \u00abCorre a tu manera\u00bb.<\/p>\n<p>Las inscripciones siguen abiertas <strong>hasta el 24 de mayo<\/strong> a trav\u00e9s del <strong><a href=\"https:\/\/raceseries.newbalance.com.ar\/2024\/\">sitio web oficial del evento.<\/a><\/strong> Adem\u00e1s, para ofrecer un detalle completo del recorrido, a continuaci\u00f3n se presenta el diagrama detallado de ambas modalidades:<\/p>\n<p><strong>Recorrido de los 10k:<\/strong> largada en el Monumento 20 de Febrero, bajan hasta Belgrano, Mitre, Caseros, Av. Bicentenario, Isabel La Cat\u00f3lica, 12 de Octubre, Av. Bolivia y se retorna hasta el Monumento.<\/p>\n<p><strong>Recorrido de los 21k:<\/strong> largada en el Monumento 20 de Febrero, bajan hasta Belgrano, Mitre, Caseros, Av. Bicentenario, Isabel La Cat\u00f3lica, Ucasal, Patr\u00f3n Costas, Av. Bolivia, Quirquincho y se retorna hasta el Monumento.<\/p>\n<p><strong>Requisitos:<\/strong><\/p>\n<p>+ Nombre y apellido<br \/>\n+ DNI<br \/>\n+ Certificado m\u00e9dico<\/p>\n","protected":false},"excerpt":{"rendered":"<p>Se llev\u00f3 a cabo la presentaci\u00f3n oficial de la esperada Media Marat\u00f3n New Balance en el emblem\u00e1tico Patio San Francisco, ubicado en C\u00f3rdoba 33. El evento cont\u00f3 con la presencia destacada del intendente Emiliano Durand, el presidente de la Agencia Deportes Salta Ezequiel Barraguirre y el gerente de New Balance Argentina, Dar\u00edo Musolino, entre otros [&hellip;]<\/p>\n","protected":false},"author":3,"featured_media":234043,"comment_status":"open","ping_status":"open","sticky":false,"template":"","format":"standard","meta":{"footnotes":""},"categories":[245],"tags":[458,455,457,456,249,379],"class_list":{"0":"post-234042","1":"post","2":"type-post","3":"status-publish","4":"format-standard","5":"has-post-thumbnail","7":"category-salta","8":"tag-emiliano-durand","9":"tag-media-maraton","10":"tag-new-balance-argentina","11":"tag-runners","12":"tag-salta","13":"tag-turismo"},"_links":{"self":[{"href":"https:\/\/saltavecinal.com\/index.php\/wp-json\/wp\/v2\/posts\/234042"}],"collection":[{"href":"https:\/\/saltavecinal.com\/index.php\/wp-json\/wp\/v2\/posts"}],"about":[{"href":"https:\/\/saltavecinal.com\/index.php\/wp-json\/wp\/v2\/types\/post"}],"author":[{"embeddable":true,"href":"https:\/\/saltavecinal.com\/index.php\/wp-json\/wp\/v2\/users\/3"}],"replies":[{"embeddable":true,"href":"https:\/\/saltavecinal.com\/index.php\/wp-json\/wp\/v2\/comments?post=234042"}],"version-history":[{"count":1,"href":"https:\/\/saltavecinal.com\/index.php\/wp-json\/wp\/v2\/posts\/234042\/revisions"}],"predecessor-version":[{"id":234044,"href":"https:\/\/saltavecinal.com\/index.php\/wp-json\/wp\/v2\/posts\/234042\/revisions\/234044"}],"wp:featuredmedia":[{"embeddable":true,"href":"https:\/\/saltavecinal.com\/index.php\/wp-json\/wp\/v2\/media\/234043"}],"wp:attachment":[{"href":"https:\/\/saltavecinal.com\/index.php\/wp-json\/wp\/v2\/media?parent=234042"}],"wp:term":[{"taxonomy":"category","embeddable":true,"href":"https:\/\/saltavecinal.com\/index.php\/wp-json\/wp\/v2\/categories?post=234042"},{"taxonomy":"post_tag","embeddable":true,"href":"https:\/\/saltavecinal.com\/index.php\/wp-json\/wp\/v2\/tags?post=234042"}],"curies":[{"name":"wp","href":"https:\/\/api.w.org\/{rel}","templated":true}]}}