{"id":234048,"date":"2024-04-16T23:58:33","date_gmt":"2024-04-16T23:58:33","guid":{"rendered":"https:\/\/saltavecinal.com\/?p=234048"},"modified":"2024-04-16T23:58:33","modified_gmt":"2024-04-16T23:58:33","slug":"macumbicos-brillo-en-el-teatro-municipal","status":"publish","type":"post","link":"https:\/\/saltavecinal.com\/index.php\/2024\/04\/16\/macumbicos-brillo-en-el-teatro-municipal\/","title":{"rendered":"Macumbicos brill\u00f3 en el Teatro Municipal"},"content":{"rendered":"<p>En el marco de la <strong>47\u00aa edici\u00f3n del Abril Cultural<\/strong>, el Teatro Municipal fue escenario de una vibrante velada de m\u00fasica y baile, protagonizada por la reconocida banda salte\u00f1a <strong>Macumbicos.<\/strong><\/p>\n<p><!--more--><\/p>\n<p>La presentaci\u00f3n, organizada en colaboraci\u00f3n con la <strong>Municipalidad de Salta a trav\u00e9s de la Agencia de Cultura Activa, COPAIPA y el programa \u00abAbril Cultural\u00bb<\/strong>, tuvo lugar ayer en las instalaciones del Teatro Municipal, situado en Av. Paraguay 1240, con entrada libre y gratuita para toda la comunidad.<\/p>\n<p>Macumbicos, compuesta por tres talentosos m\u00fasicos amigos, Pepe Aranda en las voces, Nicol\u00e1s R\u00edos en la percusi\u00f3n, e Ignacio Vasconcellos en la guitarra principal, cautiv\u00f3 al p\u00fablico con su energ\u00eda y alegr\u00eda contagiosas. Acompa\u00f1ados por Abel Flores en la bater\u00eda, Ezequiel Koss en el bajo y dos m\u00fasicos invitados, la banda present\u00f3 un repertorio que incluy\u00f3 temas de su pr\u00f3ximo disco, como \u00abLicuado de Anan\u00e1\u00bb y \u00abMariado\u00bb, as\u00ed como versiones y covers que deleitaron a los asistentes, quienes no pudieron resistirse a cantar y bailar al ritmo de la m\u00fasica.<\/p>\n<p>Tras el espect\u00e1culo, los integrantes de Macumbicos expresaron su gratitud por el c\u00e1lido recibimiento del p\u00fablico y <strong>destacaron el ambiente festivo y familiar<\/strong> que se vivi\u00f3 durante la noche, evidenciando el \u00e9xito y la conexi\u00f3n alcanzada con la audiencia.<\/p>\n<p>&nbsp;<\/p>\n","protected":false},"excerpt":{"rendered":"<p>En el marco de la 47\u00aa edici\u00f3n del Abril Cultural, el Teatro Municipal fue escenario de una vibrante velada de m\u00fasica y baile, protagonizada por la reconocida banda salte\u00f1a Macumbicos.<\/p>\n","protected":false},"author":3,"featured_media":234050,"comment_status":"open","ping_status":"open","sticky":false,"template":"","format":"standard","meta":{"footnotes":""},"categories":[245],"tags":[467,465,464,249,466],"class_list":{"0":"post-234048","1":"post","2":"type-post","3":"status-publish","4":"format-standard","5":"has-post-thumbnail","7":"category-salta","8":"tag-ccm","9":"tag-cultura","10":"tag-macumbicos","11":"tag-salta","12":"tag-teatro-municipal"},"_links":{"self":[{"href":"https:\/\/saltavecinal.com\/index.php\/wp-json\/wp\/v2\/posts\/234048"}],"collection":[{"href":"https:\/\/saltavecinal.com\/index.php\/wp-json\/wp\/v2\/posts"}],"about":[{"href":"https:\/\/saltavecinal.com\/index.php\/wp-json\/wp\/v2\/types\/post"}],"author":[{"embeddable":true,"href":"https:\/\/saltavecinal.com\/index.php\/wp-json\/wp\/v2\/users\/3"}],"replies":[{"embeddable":true,"href":"https:\/\/saltavecinal.com\/index.php\/wp-json\/wp\/v2\/comments?post=234048"}],"version-history":[{"count":1,"href":"https:\/\/saltavecinal.com\/index.php\/wp-json\/wp\/v2\/posts\/234048\/revisions"}],"predecessor-version":[{"id":234051,"href":"https:\/\/saltavecinal.com\/index.php\/wp-json\/wp\/v2\/posts\/234048\/revisions\/234051"}],"wp:featuredmedia":[{"embeddable":true,"href":"https:\/\/saltavecinal.com\/index.php\/wp-json\/wp\/v2\/media\/234050"}],"wp:attachment":[{"href":"https:\/\/saltavecinal.com\/index.php\/wp-json\/wp\/v2\/media?parent=234048"}],"wp:term":[{"taxonomy":"category","embeddable":true,"href":"https:\/\/saltavecinal.com\/index.php\/wp-json\/wp\/v2\/categories?post=234048"},{"taxonomy":"post_tag","embeddable":true,"href":"https:\/\/saltavecinal.com\/index.php\/wp-json\/wp\/v2\/tags?post=234048"}],"curies":[{"name":"wp","href":"https:\/\/api.w.org\/{rel}","templated":true}]}}