{"id":234076,"date":"2024-05-15T21:51:42","date_gmt":"2024-05-15T21:51:42","guid":{"rendered":"https:\/\/saltavecinal.com\/?p=234076"},"modified":"2024-05-15T21:51:42","modified_gmt":"2024-05-15T21:51:42","slug":"jovenes-estudiantes-exploran-la-casona-de-castanares","status":"publish","type":"post","link":"https:\/\/saltavecinal.com\/index.php\/2024\/05\/15\/jovenes-estudiantes-exploran-la-casona-de-castanares\/","title":{"rendered":"J\u00f3venes estudiantes exploran la Casona de Casta\u00f1ares"},"content":{"rendered":"<p>Estudiantes de la <strong>escuela Juana Azurduy de Padilla y el colegio Santa Isabel de Hungr\u00eda<\/strong> se sumergen en la historia de la emblem\u00e1tica <strong>Casona de Casta\u00f1ares<\/strong>. La iniciativa busca compartir la riqueza cultural del edificio mediante visitas guiadas a sus salas llenas de relatos hist\u00f3ricos.<\/p>\n<p><!--more--><\/p>\n<p>La Casona Hist\u00f3rica de Casta\u00f1ares abre sus puertas a la juventud, recibiendo a <strong>44 ni\u00f1os de preescolar y 45 alumnos de cuarto grado<\/strong>. A trav\u00e9s de exposiciones como \u00abBelgrano en Casta\u00f1ares\u00bb y \u00abHero\u00ednas de la Independencia\u00bb, los j\u00f3venes exploran la historia local de manera interactiva y educativa.<\/p>\n<p>Sum\u00e9rgete en esta experiencia educativa \u00fanica y lleva a tu escuela o grupo a explorar la riqueza cultural de la Casona de Casta\u00f1ares. \u00a1Cont\u00e1ctanos hoy mismo por correo electr\u00f3nico a casonacastanares@gmail.com o ll\u00e1manos al tel\u00e9fono 4255730 para reservar tu visita! Te esperamos de lunes a viernes de 9 a 18 horas para descubrir juntos la fascinante historia de Salta en este emblem\u00e1tico edificio.<\/p>\n","protected":false},"excerpt":{"rendered":"<p>Estudiantes de la escuela Juana Azurduy de Padilla y el colegio Santa Isabel de Hungr\u00eda se sumergen en la historia de la emblem\u00e1tica Casona de Casta\u00f1ares. La iniciativa busca compartir la riqueza cultural del edificio mediante visitas guiadas a sus salas llenas de relatos hist\u00f3ricos.<\/p>\n","protected":false},"author":3,"featured_media":234077,"comment_status":"open","ping_status":"open","sticky":false,"template":"","format":"standard","meta":{"footnotes":""},"categories":[245],"tags":[483,283,485,484,487,249,486],"class_list":{"0":"post-234076","1":"post","2":"type-post","3":"status-publish","4":"format-standard","5":"has-post-thumbnail","7":"category-salta","8":"tag-casona","9":"tag-castanares","10":"tag-colegios","11":"tag-historica","12":"tag-juana-azurduy","13":"tag-salta","14":"tag-santa-isabel-de-hungria"},"_links":{"self":[{"href":"https:\/\/saltavecinal.com\/index.php\/wp-json\/wp\/v2\/posts\/234076"}],"collection":[{"href":"https:\/\/saltavecinal.com\/index.php\/wp-json\/wp\/v2\/posts"}],"about":[{"href":"https:\/\/saltavecinal.com\/index.php\/wp-json\/wp\/v2\/types\/post"}],"author":[{"embeddable":true,"href":"https:\/\/saltavecinal.com\/index.php\/wp-json\/wp\/v2\/users\/3"}],"replies":[{"embeddable":true,"href":"https:\/\/saltavecinal.com\/index.php\/wp-json\/wp\/v2\/comments?post=234076"}],"version-history":[{"count":1,"href":"https:\/\/saltavecinal.com\/index.php\/wp-json\/wp\/v2\/posts\/234076\/revisions"}],"predecessor-version":[{"id":234083,"href":"https:\/\/saltavecinal.com\/index.php\/wp-json\/wp\/v2\/posts\/234076\/revisions\/234083"}],"wp:featuredmedia":[{"embeddable":true,"href":"https:\/\/saltavecinal.com\/index.php\/wp-json\/wp\/v2\/media\/234077"}],"wp:attachment":[{"href":"https:\/\/saltavecinal.com\/index.php\/wp-json\/wp\/v2\/media?parent=234076"}],"wp:term":[{"taxonomy":"category","embeddable":true,"href":"https:\/\/saltavecinal.com\/index.php\/wp-json\/wp\/v2\/categories?post=234076"},{"taxonomy":"post_tag","embeddable":true,"href":"https:\/\/saltavecinal.com\/index.php\/wp-json\/wp\/v2\/tags?post=234076"}],"curies":[{"name":"wp","href":"https:\/\/api.w.org\/{rel}","templated":true}]}}