{"id":234095,"date":"2024-05-15T19:36:30","date_gmt":"2024-05-15T19:36:30","guid":{"rendered":"https:\/\/saltavecinal.com\/?p=234095"},"modified":"2024-05-15T23:12:32","modified_gmt":"2024-05-15T23:12:32","slug":"campo-quijano-usaba-a-su-hijo-para-robar","status":"publish","type":"post","link":"https:\/\/saltavecinal.com\/index.php\/2024\/05\/15\/campo-quijano-usaba-a-su-hijo-para-robar\/","title":{"rendered":"Campo Quijano: usaba a su hijo para robar"},"content":{"rendered":"<p><iframe loading=\"lazy\" title=\"Padre robaba con su hijo en comercios de Quijano\" width=\"696\" height=\"392\" src=\"https:\/\/www.youtube.com\/embed\/ZxYRJF2kkrQ?feature=oembed\" frameborder=\"0\" allow=\"accelerometer; autoplay; clipboard-write; encrypted-media; gyroscope; picture-in-picture; web-share\" referrerpolicy=\"strict-origin-when-cross-origin\" allowfullscreen><\/iframe><\/p>\n<p>Un prominente comerciante del \u00e1rea metropolitana decidi\u00f3 tomar cartas en el asunto frente a los constantes robos que sufr\u00eda su negocio. A trav\u00e9s de las redes sociales y mostrando im\u00e1genes de las <strong>c\u00e1maras de seguridad<\/strong>, expuso p\u00fablicamente la identidad de un presunto ladr\u00f3n que, seg\u00fan las pruebas, <strong>involucraba a un ni\u00f1o, posiblemente su hijo, en los actos delictivos.<\/strong><\/p>\n<p><!--more--><\/p>\n<p>Los videos, grabados en la Av. 9 de Julio, evidenciaron al individuo <strong>sustrayendo art\u00edculos en diversas ocasiones, llegando incluso a utilizar al menor para ocultar los objetos robados<\/strong> en su mochila. A pesar de la contundencia de las pruebas, la liberaci\u00f3n r\u00e1pida del sospechoso, supuestamente debido a su falta de antecedentes, ha generado malestar en la comunidad.<\/p>\n<p>El <strong>due\u00f1o del negocio<\/strong>, agotado por la situaci\u00f3n, tom\u00f3 medidas y present\u00f3 las denuncias correspondientes, pero la sensaci\u00f3n de impunidad persiste en la localidad. Mientras tanto, el ladr\u00f3n vuelve a las calles con su hijo, exponi\u00e9ndolo a un entorno peligroso y dejando al descubierto la complejidad de la situaci\u00f3n en Campo Quijano.<\/p>\n","protected":false},"excerpt":{"rendered":"<p>Un prominente comerciante del \u00e1rea metropolitana decidi\u00f3 tomar cartas en el asunto frente a los constantes robos que sufr\u00eda su negocio. A trav\u00e9s de las redes sociales y mostrando im\u00e1genes de las c\u00e1maras de seguridad, expuso p\u00fablicamente la identidad de un presunto ladr\u00f3n que, seg\u00fan las pruebas, involucraba a un ni\u00f1o, posiblemente su hijo, en [&hellip;]<\/p>\n","protected":false},"author":3,"featured_media":234096,"comment_status":"open","ping_status":"open","sticky":false,"template":"","format":"video","meta":{"footnotes":""},"categories":[246],"tags":[518,432,516,517,515,519,255,249],"class_list":{"0":"post-234095","1":"post","2":"type-post","3":"status-publish","4":"format-video","5":"has-post-thumbnail","7":"category-videos","8":"tag-camara-de-seguridad","9":"tag-campo-quijano","10":"tag-hijo","11":"tag-nino","12":"tag-padre","13":"tag-policial","14":"tag-robos","15":"tag-salta","16":"post_format-post-format-video"},"_links":{"self":[{"href":"https:\/\/saltavecinal.com\/index.php\/wp-json\/wp\/v2\/posts\/234095"}],"collection":[{"href":"https:\/\/saltavecinal.com\/index.php\/wp-json\/wp\/v2\/posts"}],"about":[{"href":"https:\/\/saltavecinal.com\/index.php\/wp-json\/wp\/v2\/types\/post"}],"author":[{"embeddable":true,"href":"https:\/\/saltavecinal.com\/index.php\/wp-json\/wp\/v2\/users\/3"}],"replies":[{"embeddable":true,"href":"https:\/\/saltavecinal.com\/index.php\/wp-json\/wp\/v2\/comments?post=234095"}],"version-history":[{"count":3,"href":"https:\/\/saltavecinal.com\/index.php\/wp-json\/wp\/v2\/posts\/234095\/revisions"}],"predecessor-version":[{"id":234102,"href":"https:\/\/saltavecinal.com\/index.php\/wp-json\/wp\/v2\/posts\/234095\/revisions\/234102"}],"wp:featuredmedia":[{"embeddable":true,"href":"https:\/\/saltavecinal.com\/index.php\/wp-json\/wp\/v2\/media\/234096"}],"wp:attachment":[{"href":"https:\/\/saltavecinal.com\/index.php\/wp-json\/wp\/v2\/media?parent=234095"}],"wp:term":[{"taxonomy":"category","embeddable":true,"href":"https:\/\/saltavecinal.com\/index.php\/wp-json\/wp\/v2\/categories?post=234095"},{"taxonomy":"post_tag","embeddable":true,"href":"https:\/\/saltavecinal.com\/index.php\/wp-json\/wp\/v2\/tags?post=234095"}],"curies":[{"name":"wp","href":"https:\/\/api.w.org\/{rel}","templated":true}]}}