{"id":234097,"date":"2024-05-15T19:54:20","date_gmt":"2024-05-15T19:54:20","guid":{"rendered":"https:\/\/saltavecinal.com\/?p=234097"},"modified":"2024-05-15T23:16:21","modified_gmt":"2024-05-15T23:16:21","slug":"recorrido-historico-7a-expo-de-motos-antiguas","status":"publish","type":"post","link":"https:\/\/saltavecinal.com\/index.php\/2024\/05\/15\/recorrido-historico-7a-expo-de-motos-antiguas\/","title":{"rendered":"Recorrido hist\u00f3rico: 7\u00aa Expo de motos antiguas"},"content":{"rendered":"<p>La Municipalidad capitalina invita a los residentes y visitantes a sumarse a la s\u00e9ptima edici\u00f3n de la Expo Motos Antiguas. Este evento, que forma parte de las actividades del \u00abFin de Semana de Motos\u00bb organizado por el Ente de Turismo, <strong>reunir\u00e1 m\u00e1s de 30 motocicletas antiguas de origen nacional e internacional en la explanada del Cabildo el s\u00e1bado 18 de mayo<\/strong>, D\u00eda Internacional de los Museos, desde las 12 hasta las 21 horas.<\/p>\n<p><!--more--><\/p>\n<p>La exposici\u00f3n ofrece una oportunidad \u00fanica para disfrutar en familia y sumar una experiencia diferente al itinerario de museos de la ciudad. Los visitantes tendr\u00e1n la oportunidad de <strong>conocer la historia detr\u00e1s de cada motocicleta<\/strong>, narrada por los apasionados coleccionistas que las conservan, destac\u00f3 Fernando Garcia Soria, presidente del Ente de Turismo municipal.<\/p>\n<p>La exhibici\u00f3n, a cargo del <strong>Club de Motos Antiguas Salta y con el respaldo del Ente de Turismo<\/strong>, promete sumergir a los asistentes en un viaje en el tiempo sobre ruedas. Adem\u00e1s, esta iniciativa forma parte de los esfuerzos continuos del \u00e1rea de turismo por enriquecer el <strong>calendario de actividades de la ciudad<\/strong> y brindar a los visitantes razones adicionales para explorar los encantadores paisajes locales a lo largo de todo el a\u00f1o.<\/p>\n","protected":false},"excerpt":{"rendered":"<p>La Municipalidad capitalina invita a los residentes y visitantes a sumarse a la s\u00e9ptima edici\u00f3n de la Expo Motos Antiguas. Este evento, que forma parte de las actividades del \u00abFin de Semana de Motos\u00bb organizado por el Ente de Turismo, reunir\u00e1 m\u00e1s de 30 motocicletas antiguas de origen nacional e internacional en la explanada del [&hellip;]<\/p>\n","protected":false},"author":3,"featured_media":234078,"comment_status":"open","ping_status":"open","sticky":false,"template":"","format":"standard","meta":{"footnotes":""},"categories":[245],"tags":[512,513,514,492,511,510,249],"class_list":{"0":"post-234097","1":"post","2":"type-post","3":"status-publish","4":"format-standard","5":"has-post-thumbnail","7":"category-salta","8":"tag-cabildo","9":"tag-ente-turismo","10":"tag-garcia-soria","11":"tag-motos","12":"tag-motos-antiguas","13":"tag-muestra","14":"tag-salta"},"_links":{"self":[{"href":"https:\/\/saltavecinal.com\/index.php\/wp-json\/wp\/v2\/posts\/234097"}],"collection":[{"href":"https:\/\/saltavecinal.com\/index.php\/wp-json\/wp\/v2\/posts"}],"about":[{"href":"https:\/\/saltavecinal.com\/index.php\/wp-json\/wp\/v2\/types\/post"}],"author":[{"embeddable":true,"href":"https:\/\/saltavecinal.com\/index.php\/wp-json\/wp\/v2\/users\/3"}],"replies":[{"embeddable":true,"href":"https:\/\/saltavecinal.com\/index.php\/wp-json\/wp\/v2\/comments?post=234097"}],"version-history":[{"count":2,"href":"https:\/\/saltavecinal.com\/index.php\/wp-json\/wp\/v2\/posts\/234097\/revisions"}],"predecessor-version":[{"id":234099,"href":"https:\/\/saltavecinal.com\/index.php\/wp-json\/wp\/v2\/posts\/234097\/revisions\/234099"}],"wp:featuredmedia":[{"embeddable":true,"href":"https:\/\/saltavecinal.com\/index.php\/wp-json\/wp\/v2\/media\/234078"}],"wp:attachment":[{"href":"https:\/\/saltavecinal.com\/index.php\/wp-json\/wp\/v2\/media?parent=234097"}],"wp:term":[{"taxonomy":"category","embeddable":true,"href":"https:\/\/saltavecinal.com\/index.php\/wp-json\/wp\/v2\/categories?post=234097"},{"taxonomy":"post_tag","embeddable":true,"href":"https:\/\/saltavecinal.com\/index.php\/wp-json\/wp\/v2\/tags?post=234097"}],"curies":[{"name":"wp","href":"https:\/\/api.w.org\/{rel}","templated":true}]}}