{"id":234203,"date":"2024-07-12T18:56:45","date_gmt":"2024-07-12T18:56:45","guid":{"rendered":"https:\/\/saltavecinal.com\/?p=234203"},"modified":"2024-07-12T21:57:00","modified_gmt":"2024-07-12T21:57:00","slug":"dramatico-rescate-de-un-anciano-en-la-caldera","status":"publish","type":"post","link":"https:\/\/saltavecinal.com\/index.php\/2024\/07\/12\/dramatico-rescate-de-un-anciano-en-la-caldera\/","title":{"rendered":"Dram\u00e1tico rescate de un anciano en La Caldera"},"content":{"rendered":"<p>En una misi\u00f3n de <strong>evacuaci\u00f3n a\u00e9rea<\/strong> que desafi\u00f3 los l\u00edmites geogr\u00e1ficos, un equipo coordinado por la Direcci\u00f3n General de Emergencias SAMEC y la Direcci\u00f3n General de Aviaci\u00f3n Civil logr\u00f3 <strong>rescatar a un anciano de 80 a\u00f1os desde su remoto hogar en el cerro Chusa<\/strong>, donde se encontraba atrapado tras sufrir un grave traumatismo dorso-lumbar. Situado en una zona monta\u00f1osa <strong>inaccesible por tierra<\/strong>, el paciente fue atendido gracias a la r\u00e1pida intervenci\u00f3n del personal m\u00e9dico del hospital de La Caldera y el Hospital Militar Salta.<\/p>\n<p><!--more--><\/p>\n<p>El m\u00e9dico aeroevacuador del SAMEC, C\u00e9sar Molina, describi\u00f3 la complejidad de la operaci\u00f3n, destacando que el paciente, quien vive en total silencio junto a un sobrino tambi\u00e9n mudo, <strong>comunic\u00f3 mediante gestos que hab\u00eda ca\u00eddo de un caballo<\/strong>, resultando en sus serias lesiones. \u00ab<strong>La situaci\u00f3n era cr\u00edtica y requer\u00eda un traslado inmediato<\/strong>. Desde La Caldera, donde se a\u00f1adi\u00f3 un agente sanitario como gu\u00eda, hasta el hospital Materno Infantil en Salta, donde fue estabilizado y luego trasladado al Hospital Militar en una ambulancia del SAMEC\u00bb, explic\u00f3 Molina.<\/p>\n<p>Este heroico rescate forma parte de las <strong>97 operaciones de evacuaci\u00f3n a\u00e9rea realizadas en el primer semestre del a\u00f1o<\/strong>, beneficiando a <strong>144 pacientes<\/strong> en situaciones de emergencia cr\u00edtica, incluyendo neonatos, ni\u00f1os y adultos en distintos puntos de la regi\u00f3n.<\/p>\n","protected":false},"excerpt":{"rendered":"<p>En una misi\u00f3n de evacuaci\u00f3n a\u00e9rea que desafi\u00f3 los l\u00edmites geogr\u00e1ficos, un equipo coordinado por la Direcci\u00f3n General de Emergencias SAMEC y la Direcci\u00f3n General de Aviaci\u00f3n Civil logr\u00f3 rescatar a un anciano de 80 a\u00f1os desde su remoto hogar en el cerro Chusa, donde se encontraba atrapado tras sufrir un grave traumatismo dorso-lumbar. Situado [&hellip;]<\/p>\n","protected":false},"author":3,"featured_media":234205,"comment_status":"open","ping_status":"open","sticky":false,"template":"","format":"standard","meta":{"footnotes":""},"categories":[247],"tags":[589,586,591,588,587,585,249,590],"class_list":{"0":"post-234203","1":"post","2":"type-post","3":"status-publish","4":"format-standard","5":"has-post-thumbnail","7":"category-metropolitana","8":"tag-accidente","9":"tag-anciano","10":"tag-aviacion-civil","11":"tag-cerros","12":"tag-la-caldera","13":"tag-rescate","14":"tag-salta","15":"tag-samec"},"_links":{"self":[{"href":"https:\/\/saltavecinal.com\/index.php\/wp-json\/wp\/v2\/posts\/234203"}],"collection":[{"href":"https:\/\/saltavecinal.com\/index.php\/wp-json\/wp\/v2\/posts"}],"about":[{"href":"https:\/\/saltavecinal.com\/index.php\/wp-json\/wp\/v2\/types\/post"}],"author":[{"embeddable":true,"href":"https:\/\/saltavecinal.com\/index.php\/wp-json\/wp\/v2\/users\/3"}],"replies":[{"embeddable":true,"href":"https:\/\/saltavecinal.com\/index.php\/wp-json\/wp\/v2\/comments?post=234203"}],"version-history":[{"count":1,"href":"https:\/\/saltavecinal.com\/index.php\/wp-json\/wp\/v2\/posts\/234203\/revisions"}],"predecessor-version":[{"id":234207,"href":"https:\/\/saltavecinal.com\/index.php\/wp-json\/wp\/v2\/posts\/234203\/revisions\/234207"}],"wp:featuredmedia":[{"embeddable":true,"href":"https:\/\/saltavecinal.com\/index.php\/wp-json\/wp\/v2\/media\/234205"}],"wp:attachment":[{"href":"https:\/\/saltavecinal.com\/index.php\/wp-json\/wp\/v2\/media?parent=234203"}],"wp:term":[{"taxonomy":"category","embeddable":true,"href":"https:\/\/saltavecinal.com\/index.php\/wp-json\/wp\/v2\/categories?post=234203"},{"taxonomy":"post_tag","embeddable":true,"href":"https:\/\/saltavecinal.com\/index.php\/wp-json\/wp\/v2\/tags?post=234203"}],"curies":[{"name":"wp","href":"https:\/\/api.w.org\/{rel}","templated":true}]}}