{"id":234212,"date":"2024-07-15T20:04:03","date_gmt":"2024-07-15T20:04:03","guid":{"rendered":"https:\/\/saltavecinal.com\/?p=234212"},"modified":"2024-07-15T23:04:32","modified_gmt":"2024-07-15T23:04:32","slug":"denuncian-irregularidades-en-el-centro-vecinal-de-v-arenales","status":"publish","type":"post","link":"https:\/\/saltavecinal.com\/index.php\/2024\/07\/15\/denuncian-irregularidades-en-el-centro-vecinal-de-v-arenales\/","title":{"rendered":"Denuncian irregularidades en el Centro Vecinal de V\u00b0 Arenales"},"content":{"rendered":"<p>Vecinos y vecinas de Villa Arenales se reunieron hoy con medios de prensa para comunicar la situaci\u00f3n que vienen viviendo respecto a las <strong>serias irregularidades en el seno del Centro Vecinal<\/strong> de dicha barriada.<\/p>\n<p><!--more--><br \/>\nEn el programa <strong>\u00abSomos Como Somos\u00bb que se emite por Canal 4 de Express Salta<\/strong>, quien fuera electa Presidenta de la instituci\u00f3n barrial, Gabriela Jaime, denunci\u00f3 que fue <strong>desplazada unilateralmente<\/strong> por el resto de la comisi\u00f3n, y que los vecinos est\u00e1n absolutamente excluidos de la vida social y democr\u00e1tica de dicho n\u00facleo vecinal.<\/p>\n<p><strong>Piden la r\u00e1pida intervenci\u00f3n de Personer\u00eda Jur\u00eddica<\/strong> para resolver los temas administrativos y poder abocarse a paliar la inseguridad que se vive en Villa Arenales, motivo por el cual los vecinos se involucraron en la vida institucional del Centro Vecinal mencionado.<\/p>\n<p><iframe loading=\"lazy\" title=\"Irregularidades en el Centro Vecinal de Villa Arenales\" width=\"696\" height=\"392\" src=\"https:\/\/www.youtube.com\/embed\/D8Ps-wSFs0Y?feature=oembed\" frameborder=\"0\" allow=\"accelerometer; autoplay; clipboard-write; encrypted-media; gyroscope; picture-in-picture; web-share\" referrerpolicy=\"strict-origin-when-cross-origin\" allowfullscreen><\/iframe><\/p>\n","protected":false},"excerpt":{"rendered":"<p>Vecinos y vecinas de Villa Arenales se reunieron hoy con medios de prensa para comunicar la situaci\u00f3n que vienen viviendo respecto a las serias irregularidades en el seno del Centro Vecinal de dicha barriada.<\/p>\n","protected":false},"author":3,"featured_media":234213,"comment_status":"open","ping_status":"open","sticky":false,"template":"","format":"video","meta":{"footnotes":""},"categories":[246],"tags":[276,599,254,600,249,598],"class_list":{"0":"post-234212","1":"post","2":"type-post","3":"status-publish","4":"format-video","5":"has-post-thumbnail","7":"category-videos","8":"tag-centro-vecinal","9":"tag-federacion-de-centros-vecinales","10":"tag-inseguridad","11":"tag-personeria-juridica","12":"tag-salta","13":"tag-villa-arenales","14":"post_format-post-format-video"},"_links":{"self":[{"href":"https:\/\/saltavecinal.com\/index.php\/wp-json\/wp\/v2\/posts\/234212"}],"collection":[{"href":"https:\/\/saltavecinal.com\/index.php\/wp-json\/wp\/v2\/posts"}],"about":[{"href":"https:\/\/saltavecinal.com\/index.php\/wp-json\/wp\/v2\/types\/post"}],"author":[{"embeddable":true,"href":"https:\/\/saltavecinal.com\/index.php\/wp-json\/wp\/v2\/users\/3"}],"replies":[{"embeddable":true,"href":"https:\/\/saltavecinal.com\/index.php\/wp-json\/wp\/v2\/comments?post=234212"}],"version-history":[{"count":1,"href":"https:\/\/saltavecinal.com\/index.php\/wp-json\/wp\/v2\/posts\/234212\/revisions"}],"predecessor-version":[{"id":234214,"href":"https:\/\/saltavecinal.com\/index.php\/wp-json\/wp\/v2\/posts\/234212\/revisions\/234214"}],"wp:featuredmedia":[{"embeddable":true,"href":"https:\/\/saltavecinal.com\/index.php\/wp-json\/wp\/v2\/media\/234213"}],"wp:attachment":[{"href":"https:\/\/saltavecinal.com\/index.php\/wp-json\/wp\/v2\/media?parent=234212"}],"wp:term":[{"taxonomy":"category","embeddable":true,"href":"https:\/\/saltavecinal.com\/index.php\/wp-json\/wp\/v2\/categories?post=234212"},{"taxonomy":"post_tag","embeddable":true,"href":"https:\/\/saltavecinal.com\/index.php\/wp-json\/wp\/v2\/tags?post=234212"}],"curies":[{"name":"wp","href":"https:\/\/api.w.org\/{rel}","templated":true}]}}