{"id":234259,"date":"2024-07-29T18:49:33","date_gmt":"2024-07-29T18:49:33","guid":{"rendered":"https:\/\/saltavecinal.com\/?p=234259"},"modified":"2024-07-29T21:50:20","modified_gmt":"2024-07-29T21:50:20","slug":"la-silleta-exitoso-operativo-de-servicios-municipales","status":"publish","type":"post","link":"https:\/\/saltavecinal.com\/index.php\/2024\/07\/29\/la-silleta-exitoso-operativo-de-servicios-municipales\/","title":{"rendered":"La Silleta: Exitoso operativo de Servicios Municipales"},"content":{"rendered":"<p>La localidad de La Silleta vivi\u00f3 un <strong>exitoso operativo destinado a acercar los programas municipales y provinciales a sus vecinos<\/strong>. Bajo la coordinaci\u00f3n del Intendente Ing. Lino Yonar, el evento destac\u00f3 por su alta concurrencia y la participaci\u00f3n activa de profesionales de diversas \u00e1reas.<\/p>\n<p><!--more--><\/p>\n<p>El Intendente Yonar expres\u00f3 su satisfacci\u00f3n por la respuesta de la comunidad y agradeci\u00f3 a todos los involucrados en el operativo. \u00abTrabajamos para que nuestros vecinos puedan acceder a los distintos programas vigentes en nuestro municipio y en organismos provinciales,\u00bb afirm\u00f3 Yonar, subrayando el <strong>impacto positivo de estas iniciativas en la calidad de vida de los habitantes.<\/strong><\/p>\n<p>Este operativo es parte de un esfuerzo continuo para mejorar el bienestar de la comunidad, facilitando el acceso a servicios y programas esenciales para La Silleta.<\/p>\n","protected":false},"excerpt":{"rendered":"<p>La localidad de La Silleta vivi\u00f3 un exitoso operativo destinado a acercar los programas municipales y provinciales a sus vecinos. Bajo la coordinaci\u00f3n del Intendente Ing. Lino Yonar, el evento destac\u00f3 por su alta concurrencia y la participaci\u00f3n activa de profesionales de diversas \u00e1reas.<\/p>\n","protected":false},"author":3,"featured_media":234256,"comment_status":"open","ping_status":"open","sticky":false,"template":"","format":"standard","meta":{"footnotes":""},"categories":[247],"tags":[630,432,347,333],"class_list":{"0":"post-234259","1":"post","2":"type-post","3":"status-publish","4":"format-standard","5":"has-post-thumbnail","7":"category-metropolitana","8":"tag-acceso-a-derechos","9":"tag-campo-quijano","10":"tag-la-silleta","11":"tag-municipalidad"},"_links":{"self":[{"href":"https:\/\/saltavecinal.com\/index.php\/wp-json\/wp\/v2\/posts\/234259"}],"collection":[{"href":"https:\/\/saltavecinal.com\/index.php\/wp-json\/wp\/v2\/posts"}],"about":[{"href":"https:\/\/saltavecinal.com\/index.php\/wp-json\/wp\/v2\/types\/post"}],"author":[{"embeddable":true,"href":"https:\/\/saltavecinal.com\/index.php\/wp-json\/wp\/v2\/users\/3"}],"replies":[{"embeddable":true,"href":"https:\/\/saltavecinal.com\/index.php\/wp-json\/wp\/v2\/comments?post=234259"}],"version-history":[{"count":1,"href":"https:\/\/saltavecinal.com\/index.php\/wp-json\/wp\/v2\/posts\/234259\/revisions"}],"predecessor-version":[{"id":234260,"href":"https:\/\/saltavecinal.com\/index.php\/wp-json\/wp\/v2\/posts\/234259\/revisions\/234260"}],"wp:featuredmedia":[{"embeddable":true,"href":"https:\/\/saltavecinal.com\/index.php\/wp-json\/wp\/v2\/media\/234256"}],"wp:attachment":[{"href":"https:\/\/saltavecinal.com\/index.php\/wp-json\/wp\/v2\/media?parent=234259"}],"wp:term":[{"taxonomy":"category","embeddable":true,"href":"https:\/\/saltavecinal.com\/index.php\/wp-json\/wp\/v2\/categories?post=234259"},{"taxonomy":"post_tag","embeddable":true,"href":"https:\/\/saltavecinal.com\/index.php\/wp-json\/wp\/v2\/tags?post=234259"}],"curies":[{"name":"wp","href":"https:\/\/api.w.org\/{rel}","templated":true}]}}