{"id":234261,"date":"2024-07-29T18:52:35","date_gmt":"2024-07-29T18:52:35","guid":{"rendered":"https:\/\/saltavecinal.com\/?p=234261"},"modified":"2024-07-29T22:31:53","modified_gmt":"2024-07-29T22:31:53","slug":"exito-del-primer-concurso-de-bunuelo-vaquereno","status":"publish","type":"post","link":"https:\/\/saltavecinal.com\/index.php\/2024\/07\/29\/exito-del-primer-concurso-de-bunuelo-vaquereno\/","title":{"rendered":"Exitoso primer concurso del Bu\u00f1uelo Vaquere\u00f1o"},"content":{"rendered":"<p>El pasado s\u00e1bado 27 de julio, la localidad de Vaqueros fue el escenario de un evento gastron\u00f3mico muy esperado: <strong>el Primer Concurso del Bu\u00f1uelo Vaquere\u00f1o<\/strong>. La celebraci\u00f3n reuni\u00f3 a entusiastas de la cocina local, vecinos y visitantes, que disfrutaron de una jornada repleta de sabor y camarader\u00eda. La competencia destac\u00f3 por la calidad y creatividad de los participantes, <strong>convirtiendo el evento en un verdadero fest\u00edn<\/strong> para los sentidos.<\/p>\n<p><!--more--><\/p>\n<p><strong>El primer premio de $100.000 fue otorgado a Veronica Rodriguez del Puesto N\u00b0 8<\/strong>, quien sorprendi\u00f3 al jurado con su excepcional receta de bu\u00f1uelos. El segundo lugar, con un premio de $50.000, fue para Reina Apaza del Puesto N\u00b0 2, mientras que Claudia Justiniano del Puesto N\u00b0 3 recibi\u00f3 un combo miel Ceballos como tercer lugar. La diversidad de propuestas y el nivel de los concursantes<strong> dejaron una huella positiva en todos los presentes.<\/strong><\/p>\n<p>El Intendente Daniel Moreno tambi\u00e9n fue destacado por su continuo apoyo a la difusi\u00f3n de la gastronom\u00eda local, contribuyendo al \u00e9xito del evento. Este concurso no solo celebr\u00f3 el arte culinario local, sino que tambi\u00e9n fortaleci\u00f3 el sentido de comunidad en Vaqueros.<\/p>\n","protected":false},"excerpt":{"rendered":"<p>El pasado s\u00e1bado 27 de julio, la localidad de Vaqueros fue el escenario de un evento gastron\u00f3mico muy esperado: el Primer Concurso del Bu\u00f1uelo Vaquere\u00f1o. La celebraci\u00f3n reuni\u00f3 a entusiastas de la cocina local, vecinos y visitantes, que disfrutaron de una jornada repleta de sabor y camarader\u00eda. La competencia destac\u00f3 por la calidad y creatividad [&hellip;]<\/p>\n","protected":false},"author":3,"featured_media":234255,"comment_status":"open","ping_status":"open","sticky":false,"template":"","format":"standard","meta":{"footnotes":""},"categories":[247],"tags":[631,144,317,632,249,313],"class_list":{"0":"post-234261","1":"post","2":"type-post","3":"status-publish","4":"format-standard","5":"has-post-thumbnail","7":"category-metropolitana","8":"tag-bunuelos","9":"tag-concurso","10":"tag-daniel-moreno","11":"tag-gastronomia","12":"tag-salta","13":"tag-vaqueros"},"_links":{"self":[{"href":"https:\/\/saltavecinal.com\/index.php\/wp-json\/wp\/v2\/posts\/234261"}],"collection":[{"href":"https:\/\/saltavecinal.com\/index.php\/wp-json\/wp\/v2\/posts"}],"about":[{"href":"https:\/\/saltavecinal.com\/index.php\/wp-json\/wp\/v2\/types\/post"}],"author":[{"embeddable":true,"href":"https:\/\/saltavecinal.com\/index.php\/wp-json\/wp\/v2\/users\/3"}],"replies":[{"embeddable":true,"href":"https:\/\/saltavecinal.com\/index.php\/wp-json\/wp\/v2\/comments?post=234261"}],"version-history":[{"count":4,"href":"https:\/\/saltavecinal.com\/index.php\/wp-json\/wp\/v2\/posts\/234261\/revisions"}],"predecessor-version":[{"id":234268,"href":"https:\/\/saltavecinal.com\/index.php\/wp-json\/wp\/v2\/posts\/234261\/revisions\/234268"}],"wp:featuredmedia":[{"embeddable":true,"href":"https:\/\/saltavecinal.com\/index.php\/wp-json\/wp\/v2\/media\/234255"}],"wp:attachment":[{"href":"https:\/\/saltavecinal.com\/index.php\/wp-json\/wp\/v2\/media?parent=234261"}],"wp:term":[{"taxonomy":"category","embeddable":true,"href":"https:\/\/saltavecinal.com\/index.php\/wp-json\/wp\/v2\/categories?post=234261"},{"taxonomy":"post_tag","embeddable":true,"href":"https:\/\/saltavecinal.com\/index.php\/wp-json\/wp\/v2\/tags?post=234261"}],"curies":[{"name":"wp","href":"https:\/\/api.w.org\/{rel}","templated":true}]}}