{"id":234269,"date":"2024-07-29T19:35:46","date_gmt":"2024-07-29T19:35:46","guid":{"rendered":"https:\/\/saltavecinal.com\/?p=234269"},"modified":"2024-07-29T22:35:34","modified_gmt":"2024-07-29T22:35:34","slug":"estrenaran-mas-de-250-obras-de-arte-en-san-lorenzo-chico","status":"publish","type":"post","link":"https:\/\/saltavecinal.com\/index.php\/2024\/07\/29\/estrenaran-mas-de-250-obras-de-arte-en-san-lorenzo-chico\/","title":{"rendered":"Estrenar\u00e1n m\u00e1s de 250 obras de arte en San Lorenzo Chico"},"content":{"rendered":"<p>La Feria de Arte Salta 2024, que se llevar\u00e1 a cabo del 2 al 4 de agosto en San Lorenzo Chico, promete ser un evento \u00fanico para la regi\u00f3n. <strong>M\u00e1s de 33 galer\u00edas y proyectos de arte presentar\u00e1n 257 obras de artistas del norte del pa\u00eds, con entrada gratuita para el p\u00fablico.<\/strong><\/p>\n<p><!--more--><\/p>\n<p>El evento, que <strong>tendr\u00e1 lugar en Punto Corp de 15:30 a 20:30 hs<\/strong>, es impulsado por la Subsecretar\u00eda de Patrimonio Cultural y el grupo ACCIONARTE, y <strong>busca posicionar a Salta en el mapa art\u00edstico nacional<\/strong>. Los asistentes podr\u00e1n disfrutar de una variada muestra de arte contempor\u00e1neo y experimentar un encuentro enriquecedor con el arte.<\/p>\n<p>Con la participaci\u00f3n de <strong>28 galer\u00edas de Salta y otras provincias<\/strong>, adem\u00e1s de proyectos colectivos y la CASa, la feria representa un hito hist\u00f3rico para el arte local, ofreciendo una plataforma destacada para los artistas de la regi\u00f3n.<\/p>\n","protected":false},"excerpt":{"rendered":"<p>La Feria de Arte Salta 2024, que se llevar\u00e1 a cabo del 2 al 4 de agosto en San Lorenzo Chico, promete ser un evento \u00fanico para la regi\u00f3n. M\u00e1s de 33 galer\u00edas y proyectos de arte presentar\u00e1n 257 obras de artistas del norte del pa\u00eds, con entrada gratuita para el p\u00fablico.<\/p>\n","protected":false},"author":3,"featured_media":234270,"comment_status":"open","ping_status":"open","sticky":false,"template":"","format":"standard","meta":{"footnotes":""},"categories":[245],"tags":[639,408,637,638,249,356,636],"class_list":{"0":"post-234269","1":"post","2":"type-post","3":"status-publish","4":"format-standard","5":"has-post-thumbnail","7":"category-salta","8":"tag-accionarte","9":"tag-arte","10":"tag-muestra-de-arte","11":"tag-punto-corp","12":"tag-salta","13":"tag-san-lorenzo","14":"tag-san-lorenzo-chico"},"_links":{"self":[{"href":"https:\/\/saltavecinal.com\/index.php\/wp-json\/wp\/v2\/posts\/234269"}],"collection":[{"href":"https:\/\/saltavecinal.com\/index.php\/wp-json\/wp\/v2\/posts"}],"about":[{"href":"https:\/\/saltavecinal.com\/index.php\/wp-json\/wp\/v2\/types\/post"}],"author":[{"embeddable":true,"href":"https:\/\/saltavecinal.com\/index.php\/wp-json\/wp\/v2\/users\/3"}],"replies":[{"embeddable":true,"href":"https:\/\/saltavecinal.com\/index.php\/wp-json\/wp\/v2\/comments?post=234269"}],"version-history":[{"count":1,"href":"https:\/\/saltavecinal.com\/index.php\/wp-json\/wp\/v2\/posts\/234269\/revisions"}],"predecessor-version":[{"id":234271,"href":"https:\/\/saltavecinal.com\/index.php\/wp-json\/wp\/v2\/posts\/234269\/revisions\/234271"}],"wp:featuredmedia":[{"embeddable":true,"href":"https:\/\/saltavecinal.com\/index.php\/wp-json\/wp\/v2\/media\/234270"}],"wp:attachment":[{"href":"https:\/\/saltavecinal.com\/index.php\/wp-json\/wp\/v2\/media?parent=234269"}],"wp:term":[{"taxonomy":"category","embeddable":true,"href":"https:\/\/saltavecinal.com\/index.php\/wp-json\/wp\/v2\/categories?post=234269"},{"taxonomy":"post_tag","embeddable":true,"href":"https:\/\/saltavecinal.com\/index.php\/wp-json\/wp\/v2\/tags?post=234269"}],"curies":[{"name":"wp","href":"https:\/\/api.w.org\/{rel}","templated":true}]}}