{"id":234300,"date":"2024-08-23T22:05:05","date_gmt":"2024-08-23T22:05:05","guid":{"rendered":"https:\/\/saltavecinal.com\/?p=234300"},"modified":"2024-08-24T01:06:10","modified_gmt":"2024-08-24T01:06:10","slug":"haran-una-intervencion-artistica-en-la-ruta-al-cerro-san-bernardo","status":"publish","type":"post","link":"https:\/\/saltavecinal.com\/index.php\/2024\/08\/23\/haran-una-intervencion-artistica-en-la-ruta-al-cerro-san-bernardo\/","title":{"rendered":"Har\u00e1n una intervenci\u00f3n art\u00edstica en la ruta al Cerro San Bernardo"},"content":{"rendered":"<p>El Director del Plan de Muralismo de la ciudad, Mart\u00edn C\u00f3rdoba, confirm\u00f3 en el <a href=\"https:\/\/www.twitch.tv\/videos\/2231776750\"><strong>programa \u00abSomos Como Somos\u00bb de Canal Cuatro de Express<\/strong><\/a> que <strong>har\u00e1n una intervenci\u00f3n art\u00edstica con arte urbano en la ruta de acceso al Cerro San Bernardo.<\/strong><\/p>\n<p><!--more--><\/p>\n<p>La obra est\u00e1 incluida dentro del exitoso plan de muralismo de la ciudad, que <strong>avanza fuertemente en los barrios<\/strong>, pero que ahora tendr\u00e1 un desarrollo espec\u00edfico en uno de los atractivos tur\u00edsticos m\u00e1s importantes de la Capital. El fin no es solo el desarrollo del arte urbano, sino tambi\u00e9n, <strong>la prevenci\u00f3n vial en una zona muy transitada por vecinos y turistas.<\/strong><\/p>\n<p><iframe loading=\"lazy\" title=\"Har\u00e1n una intervenci\u00f3n art\u00edstica en la ruta al Cerro San Bernardo\" width=\"696\" height=\"392\" src=\"https:\/\/www.youtube.com\/embed\/3slAcZvK2ao?feature=oembed\" frameborder=\"0\" allow=\"accelerometer; autoplay; clipboard-write; encrypted-media; gyroscope; picture-in-picture; web-share\" referrerpolicy=\"strict-origin-when-cross-origin\" allowfullscreen><\/iframe><\/p>\n","protected":false},"excerpt":{"rendered":"<p>El Director del Plan de Muralismo de la ciudad, Mart\u00edn C\u00f3rdoba, confirm\u00f3 en el programa \u00abSomos Como Somos\u00bb de Canal Cuatro de Express que har\u00e1n una intervenci\u00f3n art\u00edstica con arte urbano en la ruta de acceso al Cerro San Bernardo.<\/p>\n","protected":false},"author":3,"featured_media":234301,"comment_status":"open","ping_status":"open","sticky":false,"template":"","format":"video","meta":{"footnotes":""},"categories":[246],"tags":[250,665,458,333,662,249],"class_list":{"0":"post-234300","1":"post","2":"type-post","3":"status-publish","4":"format-video","5":"has-post-thumbnail","7":"category-videos","8":"tag-barrios","9":"tag-cerro-san-bernardo","10":"tag-emiliano-durand","11":"tag-municipalidad","12":"tag-muralismo","13":"tag-salta","14":"post_format-post-format-video"},"_links":{"self":[{"href":"https:\/\/saltavecinal.com\/index.php\/wp-json\/wp\/v2\/posts\/234300"}],"collection":[{"href":"https:\/\/saltavecinal.com\/index.php\/wp-json\/wp\/v2\/posts"}],"about":[{"href":"https:\/\/saltavecinal.com\/index.php\/wp-json\/wp\/v2\/types\/post"}],"author":[{"embeddable":true,"href":"https:\/\/saltavecinal.com\/index.php\/wp-json\/wp\/v2\/users\/3"}],"replies":[{"embeddable":true,"href":"https:\/\/saltavecinal.com\/index.php\/wp-json\/wp\/v2\/comments?post=234300"}],"version-history":[{"count":1,"href":"https:\/\/saltavecinal.com\/index.php\/wp-json\/wp\/v2\/posts\/234300\/revisions"}],"predecessor-version":[{"id":234302,"href":"https:\/\/saltavecinal.com\/index.php\/wp-json\/wp\/v2\/posts\/234300\/revisions\/234302"}],"wp:featuredmedia":[{"embeddable":true,"href":"https:\/\/saltavecinal.com\/index.php\/wp-json\/wp\/v2\/media\/234301"}],"wp:attachment":[{"href":"https:\/\/saltavecinal.com\/index.php\/wp-json\/wp\/v2\/media?parent=234300"}],"wp:term":[{"taxonomy":"category","embeddable":true,"href":"https:\/\/saltavecinal.com\/index.php\/wp-json\/wp\/v2\/categories?post=234300"},{"taxonomy":"post_tag","embeddable":true,"href":"https:\/\/saltavecinal.com\/index.php\/wp-json\/wp\/v2\/tags?post=234300"}],"curies":[{"name":"wp","href":"https:\/\/api.w.org\/{rel}","templated":true}]}}