{"id":234311,"date":"2024-08-29T18:47:20","date_gmt":"2024-08-29T18:47:20","guid":{"rendered":"https:\/\/saltavecinal.com\/?p=234311"},"modified":"2024-08-29T21:47:35","modified_gmt":"2024-08-29T21:47:35","slug":"san-lorenzo-celebra-el-dia-del-arbol-con-caminata","status":"publish","type":"post","link":"https:\/\/saltavecinal.com\/index.php\/2024\/08\/29\/san-lorenzo-celebra-el-dia-del-arbol-con-caminata\/","title":{"rendered":"San Lorenzo celebra el D\u00eda del \u00c1rbol con una caminata"},"content":{"rendered":"<p>La Municipalidad de San Lorenzo, en colaboraci\u00f3n con la organizaci\u00f3n Romar, celebrar\u00e1 el D\u00eda Nacional del \u00c1rbol con una caminata ambiental en la Reserva Municipal \u00abLas Yungas\u00bb. El evento, programado para el <strong>s\u00e1bado 31 de agosto de 9:15 a 14:00 horas, incluir\u00e1 una caminata de 40 minutos y una capacitaci\u00f3n sobre \u00e1rboles, biodiversidad, poda y compostaje.<\/strong><\/p>\n<p><!--more--><\/p>\n<p>En los \u00faltimos cuatro a\u00f1os, San Lorenzo ha reforzado su compromiso con el medio ambiente mediante actividades como el \u00abEco Canje\u00bb y la plantaci\u00f3n de \u00e1rboles nativos. La comunidad ha participado activamente en estas iniciativas, fortaleciendo la <strong>conservaci\u00f3n de sus espacios verdes.<\/strong><\/p>\n<p>El municipio opera un Vivero Municipal que ha producido m\u00e1s de 4.000 \u00e1rboles nativos, contribuyendo al Plan de Arbolado Municipal liderado por la Ingeniera Mar\u00eda Yapura. Para participar en la caminata, los interesados <strong>deben inscribirse al 387-5477453<\/strong>, ya que los cupos son limitados.<\/p>\n","protected":false},"excerpt":{"rendered":"<p>La Municipalidad de San Lorenzo, en colaboraci\u00f3n con la organizaci\u00f3n Romar, celebrar\u00e1 el D\u00eda Nacional del \u00c1rbol con una caminata ambiental en la Reserva Municipal \u00abLas Yungas\u00bb. El evento, programado para el s\u00e1bado 31 de agosto de 9:15 a 14:00 horas, incluir\u00e1 una caminata de 40 minutos y una capacitaci\u00f3n sobre \u00e1rboles, biodiversidad, poda y [&hellip;]<\/p>\n","protected":false},"author":3,"featured_media":234305,"comment_status":"open","ping_status":"open","sticky":false,"template":"","format":"standard","meta":{"footnotes":""},"categories":[245],"tags":[310,672,416,356,671],"class_list":{"0":"post-234311","1":"post","2":"type-post","3":"status-publish","4":"format-standard","5":"has-post-thumbnail","7":"category-salta","8":"tag-arboles","9":"tag-caminata","10":"tag-medio-ambiente","11":"tag-san-lorenzo","12":"tag-yungas"},"_links":{"self":[{"href":"https:\/\/saltavecinal.com\/index.php\/wp-json\/wp\/v2\/posts\/234311"}],"collection":[{"href":"https:\/\/saltavecinal.com\/index.php\/wp-json\/wp\/v2\/posts"}],"about":[{"href":"https:\/\/saltavecinal.com\/index.php\/wp-json\/wp\/v2\/types\/post"}],"author":[{"embeddable":true,"href":"https:\/\/saltavecinal.com\/index.php\/wp-json\/wp\/v2\/users\/3"}],"replies":[{"embeddable":true,"href":"https:\/\/saltavecinal.com\/index.php\/wp-json\/wp\/v2\/comments?post=234311"}],"version-history":[{"count":2,"href":"https:\/\/saltavecinal.com\/index.php\/wp-json\/wp\/v2\/posts\/234311\/revisions"}],"predecessor-version":[{"id":234313,"href":"https:\/\/saltavecinal.com\/index.php\/wp-json\/wp\/v2\/posts\/234311\/revisions\/234313"}],"wp:featuredmedia":[{"embeddable":true,"href":"https:\/\/saltavecinal.com\/index.php\/wp-json\/wp\/v2\/media\/234305"}],"wp:attachment":[{"href":"https:\/\/saltavecinal.com\/index.php\/wp-json\/wp\/v2\/media?parent=234311"}],"wp:term":[{"taxonomy":"category","embeddable":true,"href":"https:\/\/saltavecinal.com\/index.php\/wp-json\/wp\/v2\/categories?post=234311"},{"taxonomy":"post_tag","embeddable":true,"href":"https:\/\/saltavecinal.com\/index.php\/wp-json\/wp\/v2\/tags?post=234311"}],"curies":[{"name":"wp","href":"https:\/\/api.w.org\/{rel}","templated":true}]}}