{"id":234327,"date":"2024-09-30T20:09:36","date_gmt":"2024-09-30T20:09:36","guid":{"rendered":"https:\/\/saltavecinal.com\/?p=234327"},"modified":"2024-09-30T23:09:37","modified_gmt":"2024-09-30T23:09:37","slug":"asistencia-a-victimas-de-violencia-en-la-caldera","status":"publish","type":"post","link":"https:\/\/saltavecinal.com\/index.php\/2024\/09\/30\/asistencia-a-victimas-de-violencia-en-la-caldera\/","title":{"rendered":"Asistencia a v\u00edctimas de violencia en La Caldera"},"content":{"rendered":"<p><strong>El martes 8 de octubre, de 9 a 13 horas, el ex Mercadito Municipal, en calle General G\u00fcemes 183<\/strong>, ser\u00e1 el escenario de una jornada de asistencia para personas que enfrentan situaciones de violencia por motivos de g\u00e9nero. Esta actividad es parte del programa \u201c\u00a1Aqu\u00ed, para vos!\u201d, promovido por la Secretar\u00eda de las Mujeres, G\u00e9neros y Diversidad.<\/p>\n<p><!--more--><\/p>\n<p>Un equipo interdisciplinario, junto a la Oficina del \u00c1rea de la Mujer de La Caldera, <strong>brindar\u00e1 escucha, asesoramiento y acompa\u00f1amiento a mujeres y personas LGBTIQ+ que lo necesiten<\/strong>. En esta oportunidad, tambi\u00e9n se ofrecer\u00e1n charlas sobre cuota alimentaria, violencia econ\u00f3mica y crianzas respetuosas sin violencia.<\/p>\n<p>Desde su lanzamiento en febrero, el programa ha estado presente en barrios como Limache, San Benito, Casta\u00f1ares y San Lorenzo-Atocha, adem\u00e1s de realizar intervenciones itinerantes en varios municipios. Las sesiones de atenci\u00f3n se llevan a cabo en diferentes espacios de la regi\u00f3n.<\/p>\n<p>Este encuentro busca brindar un <strong>apoyo integral y facilitar recursos<\/strong> a quienes atraviesan situaciones de vulnerabilidad, promoviendo un entorno m\u00e1s seguro y consciente de las problem\u00e1ticas de g\u00e9nero.<\/p>\n","protected":false},"excerpt":{"rendered":"<p>El martes 8 de octubre, de 9 a 13 horas, el ex Mercadito Municipal, en calle General G\u00fcemes 183, ser\u00e1 el escenario de una jornada de asistencia para personas que enfrentan situaciones de violencia por motivos de g\u00e9nero. Esta actividad es parte del programa \u201c\u00a1Aqu\u00ed, para vos!\u201d, promovido por la Secretar\u00eda de las Mujeres, G\u00e9neros [&hellip;]<\/p>\n","protected":false},"author":3,"featured_media":234323,"comment_status":"open","ping_status":"open","sticky":false,"template":"","format":"standard","meta":{"footnotes":""},"categories":[247],"tags":[687,587,686,685],"class_list":{"0":"post-234327","1":"post","2":"type-post","3":"status-publish","4":"format-standard","5":"has-post-thumbnail","7":"category-metropolitana","8":"tag-area-mujer","9":"tag-la-caldera","10":"tag-mujer","11":"tag-violencia-de-genero"},"_links":{"self":[{"href":"https:\/\/saltavecinal.com\/index.php\/wp-json\/wp\/v2\/posts\/234327"}],"collection":[{"href":"https:\/\/saltavecinal.com\/index.php\/wp-json\/wp\/v2\/posts"}],"about":[{"href":"https:\/\/saltavecinal.com\/index.php\/wp-json\/wp\/v2\/types\/post"}],"author":[{"embeddable":true,"href":"https:\/\/saltavecinal.com\/index.php\/wp-json\/wp\/v2\/users\/3"}],"replies":[{"embeddable":true,"href":"https:\/\/saltavecinal.com\/index.php\/wp-json\/wp\/v2\/comments?post=234327"}],"version-history":[{"count":1,"href":"https:\/\/saltavecinal.com\/index.php\/wp-json\/wp\/v2\/posts\/234327\/revisions"}],"predecessor-version":[{"id":234328,"href":"https:\/\/saltavecinal.com\/index.php\/wp-json\/wp\/v2\/posts\/234327\/revisions\/234328"}],"wp:featuredmedia":[{"embeddable":true,"href":"https:\/\/saltavecinal.com\/index.php\/wp-json\/wp\/v2\/media\/234323"}],"wp:attachment":[{"href":"https:\/\/saltavecinal.com\/index.php\/wp-json\/wp\/v2\/media?parent=234327"}],"wp:term":[{"taxonomy":"category","embeddable":true,"href":"https:\/\/saltavecinal.com\/index.php\/wp-json\/wp\/v2\/categories?post=234327"},{"taxonomy":"post_tag","embeddable":true,"href":"https:\/\/saltavecinal.com\/index.php\/wp-json\/wp\/v2\/tags?post=234327"}],"curies":[{"name":"wp","href":"https:\/\/api.w.org\/{rel}","templated":true}]}}