{"id":234343,"date":"2024-10-22T16:06:20","date_gmt":"2024-10-22T16:06:20","guid":{"rendered":"https:\/\/saltavecinal.com\/?p=234343"},"modified":"2024-10-22T19:07:10","modified_gmt":"2024-10-22T19:07:10","slug":"volvamos-a-la-plaza-encuentro-familiar-en-san-calixto","status":"publish","type":"post","link":"https:\/\/saltavecinal.com\/index.php\/2024\/10\/22\/volvamos-a-la-plaza-encuentro-familiar-en-san-calixto\/","title":{"rendered":"\u201cVolvamos a la Plaza\u201d: Encuentro familiar en San Calixto"},"content":{"rendered":"<p>Este viernes 25 de octubre, el programa <strong>\u201cVolvamos a la Plaza\u201d<\/strong> llegar\u00e1 al barrio Ampliaci\u00f3n San Calixto, de 17 a 19 horas. La plaza principal se convertir\u00e1 en un espacio de diversi\u00f3n y encuentro para toda la comunidad.<\/p>\n<p><!--more--><\/p>\n<p>La Municipalidad, a trav\u00e9s de la Secretar\u00eda de Desarrollo Social, organiza este evento mensual para <strong>acercar actividades recreativas a los vecinos<\/strong>. Durante la jornada, habr\u00e1 juegos tipo kermes, m\u00fasica y premios, garantizando una tarde amena para todas las edades.<\/p>\n<p>Pablo Linares, subsecretario de Inclusi\u00f3n Social, destac\u00f3 que al final de la actividad <strong>se ofrecer\u00e1 una merienda con productos de la Panader\u00eda Social<\/strong>, creando as\u00ed un ambiente de convivencia y apoyo comunitario. \u00a1No te lo pierdas!<\/p>\n","protected":false},"excerpt":{"rendered":"<p>Este viernes 25 de octubre, el programa \u201cVolvamos a la Plaza\u201d llegar\u00e1 al barrio Ampliaci\u00f3n San Calixto, de 17 a 19 horas. La plaza principal se convertir\u00e1 en un espacio de diversi\u00f3n y encuentro para toda la comunidad.<\/p>\n","protected":false},"author":3,"featured_media":234338,"comment_status":"open","ping_status":"open","sticky":false,"template":"","format":"standard","meta":{"footnotes":""},"categories":[245],"tags":[337,689,225,384],"class_list":{"0":"post-234343","1":"post","2":"type-post","3":"status-publish","4":"format-standard","5":"has-post-thumbnail","7":"category-salta","8":"tag-actividades","9":"tag-panaderia-social","10":"tag-plazas","11":"tag-vecinos"},"_links":{"self":[{"href":"https:\/\/saltavecinal.com\/index.php\/wp-json\/wp\/v2\/posts\/234343"}],"collection":[{"href":"https:\/\/saltavecinal.com\/index.php\/wp-json\/wp\/v2\/posts"}],"about":[{"href":"https:\/\/saltavecinal.com\/index.php\/wp-json\/wp\/v2\/types\/post"}],"author":[{"embeddable":true,"href":"https:\/\/saltavecinal.com\/index.php\/wp-json\/wp\/v2\/users\/3"}],"replies":[{"embeddable":true,"href":"https:\/\/saltavecinal.com\/index.php\/wp-json\/wp\/v2\/comments?post=234343"}],"version-history":[{"count":2,"href":"https:\/\/saltavecinal.com\/index.php\/wp-json\/wp\/v2\/posts\/234343\/revisions"}],"predecessor-version":[{"id":234345,"href":"https:\/\/saltavecinal.com\/index.php\/wp-json\/wp\/v2\/posts\/234343\/revisions\/234345"}],"wp:featuredmedia":[{"embeddable":true,"href":"https:\/\/saltavecinal.com\/index.php\/wp-json\/wp\/v2\/media\/234338"}],"wp:attachment":[{"href":"https:\/\/saltavecinal.com\/index.php\/wp-json\/wp\/v2\/media?parent=234343"}],"wp:term":[{"taxonomy":"category","embeddable":true,"href":"https:\/\/saltavecinal.com\/index.php\/wp-json\/wp\/v2\/categories?post=234343"},{"taxonomy":"post_tag","embeddable":true,"href":"https:\/\/saltavecinal.com\/index.php\/wp-json\/wp\/v2\/tags?post=234343"}],"curies":[{"name":"wp","href":"https:\/\/api.w.org\/{rel}","templated":true}]}}