{"id":234354,"date":"2024-11-13T21:04:35","date_gmt":"2024-11-13T21:04:35","guid":{"rendered":"https:\/\/saltavecinal.com\/?p=234354"},"modified":"2024-11-14T00:05:31","modified_gmt":"2024-11-14T00:05:31","slug":"campo-quijano-apuesta-a-la-modernizacion-de-la-plaza-martin-fierro","status":"publish","type":"post","link":"https:\/\/saltavecinal.com\/index.php\/2024\/11\/13\/campo-quijano-apuesta-a-la-modernizacion-de-la-plaza-martin-fierro\/","title":{"rendered":"Campo Quijano apuesta a la modernizaci\u00f3n de la plaza Mart\u00edn Fierro"},"content":{"rendered":"<p>La hist\u00f3rica plaza Mart\u00edn Fierro de Campo Quijano est\u00e1 en pleno proceso de renovaci\u00f3n para convertirse en un <strong>espacio moderno y funcional<\/strong> que atender\u00e1 a todas las edades. <strong>Con una inversi\u00f3n de m\u00e1s de 140 millones de pesos<\/strong>, la obra se dividir\u00e1 en tres etapas para asegurar su completa renovaci\u00f3n y ofrecer un lugar seguro y atractivo para la comunidad.<\/p>\n<p><!--more--><\/p>\n<p>La primera fase, ya en marcha, est\u00e1 enfocada en el \u00e1rea infantil, donde se est\u00e1n instalando nuevos juegos y pisos anti golpes, adem\u00e1s de mejorar la r\u00e9plica del Viaducto del Toro y el piso de la glorieta. Esta etapa inicial busca brindar un espacio <strong>seguro y divertido<\/strong> para los m\u00e1s peque\u00f1os.<\/p>\n<p>Las pr\u00f3ximas etapas incluir\u00e1n la construcci\u00f3n de una d\u00e1rsena para colectivos sobre la avenida 9 de Julio, lo que mejorar\u00e1 la movilidad y el acceso a la plaza. Tambi\u00e9n se renovar\u00e1 la electrificaci\u00f3n del \u00e1rea, y <strong>se instalar\u00e1n bancos y mesas<\/strong> para que las familias puedan disfrutar de un entorno c\u00f3modo y acogedor.<\/p>\n","protected":false},"excerpt":{"rendered":"<p>La hist\u00f3rica plaza Mart\u00edn Fierro de Campo Quijano est\u00e1 en pleno proceso de renovaci\u00f3n para convertirse en un espacio moderno y funcional que atender\u00e1 a todas las edades. Con una inversi\u00f3n de m\u00e1s de 140 millones de pesos, la obra se dividir\u00e1 en tres etapas para asegurar su completa renovaci\u00f3n y ofrecer un lugar seguro [&hellip;]<\/p>\n","protected":false},"author":3,"featured_media":234355,"comment_status":"open","ping_status":"open","sticky":false,"template":"","format":"standard","meta":{"footnotes":""},"categories":[247],"tags":[693,358,338,694,417],"class_list":{"0":"post-234354","1":"post","2":"type-post","3":"status-publish","4":"format-standard","5":"has-post-thumbnail","7":"category-metropolitana","8":"tag-martin-fierro","9":"tag-obra-publica","10":"tag-plaza","11":"tag-puesta-en-valor","12":"tag-quijano"},"_links":{"self":[{"href":"https:\/\/saltavecinal.com\/index.php\/wp-json\/wp\/v2\/posts\/234354"}],"collection":[{"href":"https:\/\/saltavecinal.com\/index.php\/wp-json\/wp\/v2\/posts"}],"about":[{"href":"https:\/\/saltavecinal.com\/index.php\/wp-json\/wp\/v2\/types\/post"}],"author":[{"embeddable":true,"href":"https:\/\/saltavecinal.com\/index.php\/wp-json\/wp\/v2\/users\/3"}],"replies":[{"embeddable":true,"href":"https:\/\/saltavecinal.com\/index.php\/wp-json\/wp\/v2\/comments?post=234354"}],"version-history":[{"count":1,"href":"https:\/\/saltavecinal.com\/index.php\/wp-json\/wp\/v2\/posts\/234354\/revisions"}],"predecessor-version":[{"id":234358,"href":"https:\/\/saltavecinal.com\/index.php\/wp-json\/wp\/v2\/posts\/234354\/revisions\/234358"}],"wp:featuredmedia":[{"embeddable":true,"href":"https:\/\/saltavecinal.com\/index.php\/wp-json\/wp\/v2\/media\/234355"}],"wp:attachment":[{"href":"https:\/\/saltavecinal.com\/index.php\/wp-json\/wp\/v2\/media?parent=234354"}],"wp:term":[{"taxonomy":"category","embeddable":true,"href":"https:\/\/saltavecinal.com\/index.php\/wp-json\/wp\/v2\/categories?post=234354"},{"taxonomy":"post_tag","embeddable":true,"href":"https:\/\/saltavecinal.com\/index.php\/wp-json\/wp\/v2\/tags?post=234354"}],"curies":[{"name":"wp","href":"https:\/\/api.w.org\/{rel}","templated":true}]}}