{"id":234402,"date":"2025-01-20T20:29:13","date_gmt":"2025-01-20T20:29:13","guid":{"rendered":"https:\/\/saltavecinal.com\/?p=234402"},"modified":"2025-01-20T23:38:05","modified_gmt":"2025-01-20T23:38:05","slug":"comienza-la-licitacion-para-la-autopista-que-unira-cerrillos-y-el-carril","status":"publish","type":"post","link":"https:\/\/saltavecinal.com\/index.php\/2025\/01\/20\/comienza-la-licitacion-para-la-autopista-que-unira-cerrillos-y-el-carril\/","title":{"rendered":"Comienza la licitaci\u00f3n para la autopista que unir\u00e1 Cerrillos y El Carril"},"content":{"rendered":"<p>El gobernador Gustavo S\u00e1enz present\u00f3 el<strong> llamado a licitaci\u00f3n para la construcci\u00f3n de la autopista del Valle de Lerma<\/strong>, un proyecto clave para la regi\u00f3n que <strong>abarcar\u00e1 22 kil\u00f3metros entre Cerrillos y El Carril.<\/strong> Junto con el canal colector pluvial, la obra promete transformar la infraestructura vial y resolver problemas hist\u00f3ricos de conectividad e inundaciones. <strong>La apertura de sobres se llevar\u00e1 a cabo el pr\u00f3ximo 21 de febrero.<\/strong><\/p>\n<p><!--more--><\/p>\n<p>Durante el anuncio, S\u00e1enz destac\u00f3 la trascendencia de la autopista, una obra largamente esperada y que, seg\u00fan indic\u00f3, \u00ab<strong>fue prometida por muchos gobiernos pero nunca cumplida\u00bb<\/strong>. La nueva v\u00eda, que incluir\u00e1 modernas instalaciones como iluminaci\u00f3n LED y ciclov\u00edas, no solo mejorar\u00e1 el flujo de tr\u00e1nsito en una de las zonas de mayor circulaci\u00f3n vehicular de la provincia, sino que tambi\u00e9n <strong>dar\u00e1 una respuesta definitiva a los recurrentes problemas de anegamiento en la RN 68.<\/strong><\/p>\n<p>A pesar del contexto econ\u00f3mico desafiante, el gobernador asegur\u00f3 que la provincia encontr\u00f3 alternativas para hacer realidad este proyecto, reafirmando el compromiso de su gesti\u00f3n con el desarrollo de obras de infraestructura. <strong>\u201cHoy demostramos que cuando nos comprometemos, cumplimos\u201d, afirm\u00f3 S\u00e1enz<\/strong>, quien record\u00f3 que durante su administraci\u00f3n se han concretado m\u00e1s de 2400 obras en toda la provincia, muchas de ellas en el interior.<\/p>\n<p>La autopista, que se dise\u00f1ar\u00e1 con proyecci\u00f3n a 50 a\u00f1os, tendr\u00e1 una capacidad para 40.000 veh\u00edculos diarios. <strong>Adem\u00e1s de las mejoras viales, el canal colector pluvial se extender\u00e1 a lo largo de 12,1 kil\u00f3metros y aliviar\u00e1 los problemas de inundaciones en las \u00e1reas urbanas de Cerrillos, La Merced y El Carril.<\/strong> El proyecto incluye tambi\u00e9n la construcci\u00f3n de calzadas de concreto asf\u00e1ltico y cruces a distinto nivel para una mayor seguridad vial.<\/p>\n<p>La obra, que<strong> tendr\u00e1 un costo de $163.500 millones<\/strong>, se llevar\u00e1 a cabo bajo un esquema de financiamiento innovador mediante una iniciativa privada de inter\u00e9s p\u00fablico. Este mecanismo acelerar\u00e1 los plazos de ejecuci\u00f3n y permitir\u00e1 optimizar el uso de los recursos p\u00fablicos. Junto al gobernador, participaron en el anuncio diversos funcionarios provinciales y locales, incluyendo los intendentes de Cerrillos y El Carril, quienes expresaron su apoyo al proyecto.<\/p>\n<div class=\"youtube-embed\" data-video_id=\"WPYtlMs0N7E\"><iframe loading=\"lazy\" title=\"Nueva autopista del Valle de Lerma: \u201cEs una obra emblem\u00e1tica, prometida por muchos y nunca cumplida&quot;\" width=\"696\" height=\"392\" src=\"https:\/\/www.youtube.com\/embed\/WPYtlMs0N7E?feature=oembed&#038;enablejsapi=1\" frameborder=\"0\" allow=\"accelerometer; autoplay; clipboard-write; encrypted-media; gyroscope; picture-in-picture; web-share\" referrerpolicy=\"strict-origin-when-cross-origin\" allowfullscreen><\/iframe><\/div>\n","protected":false},"excerpt":{"rendered":"<p>El gobernador Gustavo S\u00e1enz present\u00f3 el llamado a licitaci\u00f3n para la construcci\u00f3n de la autopista del Valle de Lerma, un proyecto clave para la regi\u00f3n que abarcar\u00e1 22 kil\u00f3metros entre Cerrillos y El Carril. Junto con el canal colector pluvial, la obra promete transformar la infraestructura vial y resolver problemas hist\u00f3ricos de conectividad e inundaciones. [&hellip;]<\/p>\n","protected":false},"author":3,"featured_media":234398,"comment_status":"open","ping_status":"open","sticky":false,"template":"","format":"video","meta":{"footnotes":""},"categories":[246],"tags":[725,726,727,297,285,565,399,249,348,363],"class_list":{"0":"post-234402","1":"post","2":"type-post","3":"status-publish","4":"format-video","5":"has-post-thumbnail","7":"category-videos","8":"tag-autopista","9":"tag-borelli","10":"tag-camacho","11":"tag-cerrillos","12":"tag-el-carril","13":"tag-la-merced","14":"tag-saenz","15":"tag-salta","16":"tag-valle-de-lerma","17":"tag-vialidad","18":"post_format-post-format-video"},"_links":{"self":[{"href":"https:\/\/saltavecinal.com\/index.php\/wp-json\/wp\/v2\/posts\/234402"}],"collection":[{"href":"https:\/\/saltavecinal.com\/index.php\/wp-json\/wp\/v2\/posts"}],"about":[{"href":"https:\/\/saltavecinal.com\/index.php\/wp-json\/wp\/v2\/types\/post"}],"author":[{"embeddable":true,"href":"https:\/\/saltavecinal.com\/index.php\/wp-json\/wp\/v2\/users\/3"}],"replies":[{"embeddable":true,"href":"https:\/\/saltavecinal.com\/index.php\/wp-json\/wp\/v2\/comments?post=234402"}],"version-history":[{"count":1,"href":"https:\/\/saltavecinal.com\/index.php\/wp-json\/wp\/v2\/posts\/234402\/revisions"}],"predecessor-version":[{"id":234403,"href":"https:\/\/saltavecinal.com\/index.php\/wp-json\/wp\/v2\/posts\/234402\/revisions\/234403"}],"wp:featuredmedia":[{"embeddable":true,"href":"https:\/\/saltavecinal.com\/index.php\/wp-json\/wp\/v2\/media\/234398"}],"wp:attachment":[{"href":"https:\/\/saltavecinal.com\/index.php\/wp-json\/wp\/v2\/media?parent=234402"}],"wp:term":[{"taxonomy":"category","embeddable":true,"href":"https:\/\/saltavecinal.com\/index.php\/wp-json\/wp\/v2\/categories?post=234402"},{"taxonomy":"post_tag","embeddable":true,"href":"https:\/\/saltavecinal.com\/index.php\/wp-json\/wp\/v2\/tags?post=234402"}],"curies":[{"name":"wp","href":"https:\/\/api.w.org\/{rel}","templated":true}]}}